{"id":14263,"date":"2019-10-29T13:50:31","date_gmt":"2019-10-29T16:50:31","guid":{"rendered":"https:\/\/blogs.correiobraziliense.com.br\/servidor\/?p=14263"},"modified":"2019-10-29T13:50:31","modified_gmt":"2019-10-29T16:50:31","slug":"camara-entrega-diplomas-do-premio-nise-da-silveira-amanha","status":"publish","type":"post","link":"https:\/\/blogs.correiobraziliense.com.br\/servidor\/camara-entrega-diplomas-do-premio-nise-da-silveira-amanha\/","title":{"rendered":"C\u00e2mara entrega diplomas do Pr\u00eamio Nise da Silveira amanh\u00e3"},"content":{"rendered":"<p><em>A C\u00e2mara dos Deputados realiza amanh\u00e3 (30\/10) a solenidade de entrega do Pr\u00eamio Nise da Silveira de Boas Pr\u00e1ticas e Inclus\u00e3o em Sa\u00fade Mental<\/em><\/p>\n<p>O evento est\u00e1 marcado para as 10h30, no Sal\u00e3o Nobre. Organizada pela Segunda Secretaria da Casa, a premia\u00e7\u00e3o \u00e9 um reconhecimento \u00e0s pessoas e \u00e0s institui\u00e7\u00f5es que contribuem com pol\u00edticas de cuidado baseadas no respeito \u00e0s pessoas em sofrimento ps\u00edquico e em situa\u00e7\u00e3o de vulnerabilidade. O nome do pr\u00eamio \u00e9 uma homenagem \u00e0 psiquiatra Nise da Silveira, conhecida por humanizar o tratamento psiqui\u00e1trico no Brasil.<\/p>\n<p>Os agraciados com diploma de men\u00e7\u00e3o honrosa nesta edi\u00e7\u00e3o do pr\u00eamio s\u00e3o: o psiquiatra Al\u00edrio Torres Dantas Junior; a Associa\u00e7\u00e3o Brasileira de Sa\u00fade Mental (Abrasme); a Cl\u00ednica-Escola Mundo Autista; o diretor do Centro Psiqui\u00e1trico Rio de Janeiro, Francisco de Paula de Negreiros Say\u00e3o Lobato Filho; e a Sociedade Amigos do Museu de Imagens do Inconsciente.<\/p>\n<p>Os vencedores foram definidos por um conselho deliberativo. As indica\u00e7\u00f5es s\u00e3o feitas pelos deputados.<br \/>\nA entrega dos diplomas \u00e9 normalmente em outubro, em alus\u00e3o ao Dia Mundial da Sa\u00fade Mental (10\/10).<\/p>\n<p><strong>Servi\u00e7o<\/strong><\/p>\n<p>Evento: Solenidade de entrega do Pr\u00eamio Nise da Silveira 2019<br \/>\nData: 30 de outubro (quarta-feira)<br \/>\nHor\u00e1rio: 10h30<br \/>\nLocal: Sal\u00e3o Nobre<\/p>\n","protected":false},"excerpt":{"rendered":"<p>A C\u00e2mara dos Deputados realiza amanh\u00e3 (30\/10) a solenidade de entrega do Pr\u00eamio Nise da Silveira de Boas Pr\u00e1ticas e Inclus\u00e3o em Sa\u00fade Mental O evento est\u00e1 marcado para as 10h30, no Sal\u00e3o Nobre. Organizada pela Segunda Secretaria da Casa, a premia\u00e7\u00e3o \u00e9 um reconhecimento \u00e0s pessoas e \u00e0s institui\u00e7\u00f5es que contribuem com pol\u00edticas de cuidado baseadas no respeito \u00e0s [&hellip;]<\/p>\n","protected":false},"author":27,"featured_media":0,"comment_status":"open","ping_status":"closed","sticky":false,"template":"","format":"standard","meta":{"footnotes":""},"categories":[2719],"tags":[61,5921,16336,16337,2247,9667],"class_list":["post-14263","post","type-post","status-publish","format-standard","hentry","category-servidor","tag-camara","tag-diplomas","tag-premio-nise-da-silveira","tag-psiquico","tag-tratamento","tag-vulnerabilidade"],"_links":{"self":[{"href":"https:\/\/blogs.correiobraziliense.com.br\/servidor\/wp-json\/wp\/v2\/posts\/14263","targetHints":{"allow":["GET"]}}],"collection":[{"href":"https:\/\/blogs.correiobraziliense.com.br\/servidor\/wp-json\/wp\/v2\/posts"}],"about":[{"href":"https:\/\/blogs.correiobraziliense.com.br\/servidor\/wp-json\/wp\/v2\/types\/post"}],"author":[{"embeddable":true,"href":"https:\/\/blogs.correiobraziliense.com.br\/servidor\/wp-json\/wp\/v2\/users\/27"}],"replies":[{"embeddable":true,"href":"https:\/\/blogs.correiobraziliense.com.br\/servidor\/wp-json\/wp\/v2\/comments?post=14263"}],"version-history":[{"count":1,"href":"https:\/\/blogs.correiobraziliense.com.br\/servidor\/wp-json\/wp\/v2\/posts\/14263\/revisions"}],"predecessor-version":[{"id":14264,"href":"https:\/\/blogs.correiobraziliense.com.br\/servidor\/wp-json\/wp\/v2\/posts\/14263\/revisions\/14264"}],"wp:attachment":[{"href":"https:\/\/blogs.correiobraziliense.com.br\/servidor\/wp-json\/wp\/v2\/media?parent=14263"}],"wp:term":[{"taxonomy":"category","embeddable":true,"href":"https:\/\/blogs.correiobraziliense.com.br\/servidor\/wp-json\/wp\/v2\/categories?post=14263"},{"taxonomy":"post_tag","embeddable":true,"href":"https:\/\/blogs.correiobraziliense.com.br\/servidor\/wp-json\/wp\/v2\/tags?post=14263"}],"curies":[{"name":"wp","href":"https:\/\/api.w.org\/{rel}","templated":true}]}}