{"id":14252,"date":"2019-10-28T17:30:54","date_gmt":"2019-10-28T20:30:54","guid":{"rendered":"https:\/\/blogs.correiobraziliense.com.br\/servidor\/?p=14252"},"modified":"2019-10-28T17:30:54","modified_gmt":"2019-10-28T20:30:54","slug":"auditores-fiscais-federais-agropecuarios-proposta-de-reforma-administrativa-coloca-em-risco-a-seguranca-alimentar-do-pais-e-ate-as-exportacoes","status":"publish","type":"post","link":"https:\/\/blogs.correiobraziliense.com.br\/servidor\/auditores-fiscais-federais-agropecuarios-proposta-de-reforma-administrativa-coloca-em-risco-a-seguranca-alimentar-do-pais-e-ate-as-exportacoes\/","title":{"rendered":"Auditores fiscais federais agropecu\u00e1rios &#8211; Proposta de reforma administrativa coloca em risco a seguran\u00e7a alimentar do pa\u00eds e at\u00e9 as exporta\u00e7\u00f5es"},"content":{"rendered":"<p><em>Para o Sindicato Nacional dos Auditores Fiscais Federais Agropecu\u00e1rios (Anffa Sindical), perda de direitos dos servidores ter\u00e1 impacto direto no consumidor brasileiro e na balan\u00e7a comercial<\/em><\/p>\n<p>A atua\u00e7\u00e3o dos auditores fiscais federais agropecu\u00e1rios (Affas), como a de outros servidores p\u00fablicos, \u00e9 fundamental para o sucesso da iniciativa privada no agroneg\u00f3cio brasileiro. Por isso, o Sindicato Nacional dos Auditores Fiscais Federais Agropecu\u00e1rios (Anffa Sindical) se preocupa com a proposta de reforma administrativa que est\u00e1 sendo sinalizada pelo governo federal nos \u00faltimos meses. As medidas anunciadas at\u00e9 o momento podem sucatear o servi\u00e7o p\u00fablico, servindo como justificativa para privatiza\u00e7\u00e3o, e retiram delega\u00e7\u00f5es necess\u00e1rias \u00e0 execu\u00e7\u00e3o das atividades dos servidores, na an\u00e1lise da entidade.<\/p>\n<p>Segundo estudo da Funda\u00e7\u00e3o Get\u00falio Vargas (FGV), a pedido do Anffa Sindical, os Affas s\u00e3o respons\u00e1veis pela gera\u00e7\u00e3o de cerca de 2,2 milh\u00f5es de empregos e influem positivamente na redu\u00e7\u00e3o de R$ 71,6 bilh\u00f5es no gasto com insumos. Al\u00e9m disso, o trabalho desses servidores garante a qualidade dos produtos de origem vegetal e animal, bem como a sa\u00fade do consumidor brasileiro.<\/p>\n<p>Os auditores fiscais federais agropecu\u00e1rios s\u00e3o respons\u00e1veis por fiscalizar toda a cadeia produtiva de produtos de origem animal e vegetal, como carne, mel, vinhos, queijos, sucos e muitos outros. Sua atua\u00e7\u00e3o, por\u00e9m, \u00e9 muito mais ampla. Eles coordenam projetos de fomento \u00e0 produ\u00e7\u00e3o agropecu\u00e1ria, abrem mercados internacionais, defendem os interesses brasileiros no exterior e participam, inclusive, da cria\u00e7\u00e3o de normais internacionais, sendo reconhecidos no mundo todo como profissionais de excel\u00eancia, lembra o sindicato.<\/p>\n<p>De acordo com representantes do governo, a reforma administrativa entrar\u00e1 em pauta logo ap\u00f3s a aprova\u00e7\u00e3o da reforma da Previd\u00eancia, prevista para as pr\u00f3ximas semanas. Dentre as medidas sinalizadas est\u00e3o o fim da estabilidade dos servidores, novos crit\u00e9rios de avalia\u00e7\u00e3o de desempenho e a fus\u00e3o de cargos e carreiras.<\/p>\n<p>&#8220;Supostamente voltada para a moderniza\u00e7\u00e3o do servi\u00e7o p\u00fablico, a reforma pode facilitar a persegui\u00e7\u00e3o pol\u00edtica de servidores, dificultar o desenvolvimento dentro das carreiras e incentivar a privatiza\u00e7\u00e3o de atividades como a fiscaliza\u00e7\u00e3o agropecu\u00e1ria \u2013 o que pode levar a um servi\u00e7o que coloca o lucro da iniciativa privada acima dos interesses da popula\u00e7\u00e3o&#8221;, analisa.<\/p>\n<p>O presidente do Anffa Sindical, Maur\u00edcio Porto, defende a moderniza\u00e7\u00e3o da fiscaliza\u00e7\u00e3o agropecu\u00e1ria, bem como do servi\u00e7o p\u00fablico como um todo, mas o governo deve ouvir as categorias envolvidas para a cria\u00e7\u00e3o da Proposta de Emenda Constitucional. \u201cSomos favor\u00e1veis \u00e0 moderniza\u00e7\u00e3o do servi\u00e7o p\u00fablico, mas a moderniza\u00e7\u00e3o n\u00e3o pode significar precariza\u00e7\u00e3o de trabalho e terceiriza\u00e7\u00e3o. O estudo da FGV aponta que s\u00f3 os auditores ficais federais agropecu\u00e1rios contribuem enormemente com a balan\u00e7a comercial e com a agricultura brasileira e isso n\u00e3o \u00e9 diferente em outras \u00e1reas do servi\u00e7o p\u00fablico\u201d. Porto lembra que h\u00e1 dados dispon\u00edveis na C\u00e2mara que ajudam a comprovar a efici\u00eancia do servidor p\u00fablico, como o estudo produzido pela Frente Parlamentar Mista em Defesa do Servi\u00e7o P\u00fablico.<\/p>\n<p><strong>Sobre os auditores fiscais federais agropecu\u00e1rios<\/strong><\/p>\n<p>O Sindicato Nacional dos Auditores Fiscais Federais Agropecu\u00e1rios (Anffa Sindical) \u00e9 a entidade representativa da carreira de auditor fiscal federal agropecu\u00e1rio. Os profissionais s\u00e3o engenheiros agr\u00f4nomos, farmac\u00eauticos, qu\u00edmicos, m\u00e9dicos veterin\u00e1rios e zootecnistas que exercem suas fun\u00e7\u00f5es para garantir qualidade de vida, sa\u00fade e seguran\u00e7a alimentar para as fam\u00edlias brasileiras. Atualmente existem 2,7 mil fiscais na ativa, que atuam nas \u00e1reas de auditoria e fiscaliza\u00e7\u00e3o, desde a fabrica\u00e7\u00e3o de insumos, como vacinas, ra\u00e7\u00f5es, sementes, fertilizantes, agrot\u00f3xicos etc., at\u00e9 o produto final, como sucos, refrigerantes, bebidas alco\u00f3licas, produtos vegetais (arroz, feij\u00e3o, \u00f3leos, azeites etc.), latic\u00ednios, ovos, m\u00e9is e carnes. Os profissionais tamb\u00e9m est\u00e3o nos campos, nas agroind\u00fastrias, nas institui\u00e7\u00f5es de pesquisa, nos laborat\u00f3rios nacionais agropecu\u00e1rios, nos supermercados, nos portos, aeroportos e postos de fronteira, no acompanhamento dos programas agropecu\u00e1rios e nas negocia\u00e7\u00f5es e rela\u00e7\u00f5es internacionais do agroneg\u00f3cio. Do campo \u00e0 mesa, dos pastos aos portos, do agroneg\u00f3cio para o Brasil e para o mundo.<\/p>\n","protected":false},"excerpt":{"rendered":"<p>Para o Sindicato Nacional dos Auditores Fiscais Federais Agropecu\u00e1rios (Anffa Sindical), perda de direitos dos servidores ter\u00e1 impacto direto no consumidor brasileiro e na balan\u00e7a comercial A atua\u00e7\u00e3o dos auditores fiscais federais agropecu\u00e1rios (Affas), como a de outros servidores p\u00fablicos, \u00e9 fundamental para o sucesso da iniciativa privada no agroneg\u00f3cio brasileiro. Por isso, o Sindicato Nacional dos Auditores Fiscais Federais [&hellip;]<\/p>\n","protected":false},"author":27,"featured_media":0,"comment_status":"open","ping_status":"closed","sticky":false,"template":"","format":"standard","meta":{"footnotes":""},"categories":[2719],"tags":[5249,2429,12764,13122,4255,2603,1552,2726,1635,9673,9090,1001,15938,11413,58],"class_list":["post-14252","post","type-post","status-publish","format-standard","hentry","category-servidor","tag-agronegocio","tag-anffa-sindical","tag-auditores-fiscais-federais-agropecuarios","tag-balanca-comercial","tag-consumidor","tag-empregos","tag-exportacoes","tag-fgv","tag-gasto","tag-iniciativa-privada","tag-insumos","tag-privatizacao","tag-reforma-administrativa","tag-seguranca-alimentar","tag-servidores"],"_links":{"self":[{"href":"https:\/\/blogs.correiobraziliense.com.br\/servidor\/wp-json\/wp\/v2\/posts\/14252","targetHints":{"allow":["GET"]}}],"collection":[{"href":"https:\/\/blogs.correiobraziliense.com.br\/servidor\/wp-json\/wp\/v2\/posts"}],"about":[{"href":"https:\/\/blogs.correiobraziliense.com.br\/servidor\/wp-json\/wp\/v2\/types\/post"}],"author":[{"embeddable":true,"href":"https:\/\/blogs.correiobraziliense.com.br\/servidor\/wp-json\/wp\/v2\/users\/27"}],"replies":[{"embeddable":true,"href":"https:\/\/blogs.correiobraziliense.com.br\/servidor\/wp-json\/wp\/v2\/comments?post=14252"}],"version-history":[{"count":1,"href":"https:\/\/blogs.correiobraziliense.com.br\/servidor\/wp-json\/wp\/v2\/posts\/14252\/revisions"}],"predecessor-version":[{"id":14253,"href":"https:\/\/blogs.correiobraziliense.com.br\/servidor\/wp-json\/wp\/v2\/posts\/14252\/revisions\/14253"}],"wp:attachment":[{"href":"https:\/\/blogs.correiobraziliense.com.br\/servidor\/wp-json\/wp\/v2\/media?parent=14252"}],"wp:term":[{"taxonomy":"category","embeddable":true,"href":"https:\/\/blogs.correiobraziliense.com.br\/servidor\/wp-json\/wp\/v2\/categories?post=14252"},{"taxonomy":"post_tag","embeddable":true,"href":"https:\/\/blogs.correiobraziliense.com.br\/servidor\/wp-json\/wp\/v2\/tags?post=14252"}],"curies":[{"name":"wp","href":"https:\/\/api.w.org\/{rel}","templated":true}]}}