{"id":14247,"date":"2019-10-28T13:03:04","date_gmt":"2019-10-28T16:03:04","guid":{"rendered":"https:\/\/blogs.correiobraziliense.com.br\/servidor\/?p=14247"},"modified":"2019-10-28T13:03:04","modified_gmt":"2019-10-28T16:03:04","slug":"ministerio-da-economia-primeira-corrida-de-integracao-e-acao-social","status":"publish","type":"post","link":"https:\/\/blogs.correiobraziliense.com.br\/servidor\/ministerio-da-economia-primeira-corrida-de-integracao-e-acao-social\/","title":{"rendered":"Minist\u00e9rio da Economia &#8211; Primeira corrida de integra\u00e7\u00e3o e a\u00e7\u00e3o social"},"content":{"rendered":"<p><em>O minist\u00e9rio informa que a prova ser\u00e1 no dia 3 de novembro (domingo), na Esplanada dos Minist\u00e9rios, em comemora\u00e7\u00e3o ao Dia do Servidor, com percursos de 5 km e 10 km, al\u00e9m das categorias infantis, para ACD e caminhada. As inscri\u00e7\u00f5es s\u00e3o gratuitas<\/em><\/p>\n<p>O evento, em Bras\u00edlia, &#8220;vai testar os limites de atletas profissionais, semi-profissionais e de \u201cfim de semana\u201d da capital&#8221;. A 1\u00ba Corrida de Integra\u00e7\u00e3o e A\u00e7\u00e3o Social do Minist\u00e9rio da Economia faz parte das comemora\u00e7\u00f5es pelo Dia do Servidor P\u00fablico (27 de outubro) e ser\u00e1 realizada no dia 3 de novembro (domingo), a partir das 7h. A prova, que \u00e9 gratuita, conta com apoio da Funda\u00e7\u00e3o Assefaz e patroc\u00ednio da Caixa Econ\u00f4mica Federal e do Governo Federal.<\/p>\n<p>O evento tem trajetos de 5 km e 10 km, al\u00e9m da corrida infantil, para crian\u00e7as de 5 a 12 anos, com dist\u00e2ncias diversas. Tamb\u00e9m tem o percurso de 5 km para atletas com defici\u00eancia (ACD) e de 1 km para quem preferir fazer uma caminhada. A largada e a chegada ser\u00e3o no Bloco P da Esplanada dos Minist\u00e9rios, pr\u00e9dio do Minist\u00e9rio da Economia.<\/p>\n<p>Os interessados podem se inscrever pelo site www.corridadome.com.br, a partir do dia 26 de outubro.<\/p>\n<p><strong>Servi\u00e7o: 1\u00aa Corrida do Minist\u00e9rio da Economia<\/strong><\/p>\n<p>Data: 3 de novembro de 2019 (domingo) a partir das 7h<\/p>\n<p>Local: Esplanada dos Minist\u00e9rios &#8211; Bloco P \u2013 Estacionamento do Minist\u00e9rio da Economia<\/p>\n<p>Inscri\u00e7\u00f5es gratuitas: www.corridadome.com.br &#8211; Doa\u00e7\u00e3o de 2kg de alimento n\u00e3o perec\u00edvel<\/p>\n<p>Entrega dos kits: 1 e 2 de novembro no Bloco P &#8211; Estacionamento do Minist\u00e9rio da Economia<\/p>\n<p>Informa\u00e7\u00f5es: (61) 3711-1030<\/p>\n","protected":false},"excerpt":{"rendered":"<p>O minist\u00e9rio informa que a prova ser\u00e1 no dia 3 de novembro (domingo), na Esplanada dos Minist\u00e9rios, em comemora\u00e7\u00e3o ao Dia do Servidor, com percursos de 5 km e 10 km, al\u00e9m das categorias infantis, para ACD e caminhada. As inscri\u00e7\u00f5es s\u00e3o gratuitas O evento, em Bras\u00edlia, &#8220;vai testar os limites de atletas profissionais, semi-profissionais e de \u201cfim de semana\u201d [&hellip;]<\/p>\n","protected":false},"author":27,"featured_media":0,"comment_status":"open","ping_status":"closed","sticky":false,"template":"","format":"standard","meta":{"footnotes":""},"categories":[2719],"tags":[16330,2677,803,16329,5404,781,7423,14327,16331],"class_list":["post-14247","post","type-post","status-publish","format-standard","hentry","category-servidor","tag-acao-social","tag-atletas","tag-categorias","tag-corrida","tag-esplanada","tag-inscricoes","tag-integracao","tag-ministerio-da-economia","tag-percurso"],"_links":{"self":[{"href":"https:\/\/blogs.correiobraziliense.com.br\/servidor\/wp-json\/wp\/v2\/posts\/14247","targetHints":{"allow":["GET"]}}],"collection":[{"href":"https:\/\/blogs.correiobraziliense.com.br\/servidor\/wp-json\/wp\/v2\/posts"}],"about":[{"href":"https:\/\/blogs.correiobraziliense.com.br\/servidor\/wp-json\/wp\/v2\/types\/post"}],"author":[{"embeddable":true,"href":"https:\/\/blogs.correiobraziliense.com.br\/servidor\/wp-json\/wp\/v2\/users\/27"}],"replies":[{"embeddable":true,"href":"https:\/\/blogs.correiobraziliense.com.br\/servidor\/wp-json\/wp\/v2\/comments?post=14247"}],"version-history":[{"count":1,"href":"https:\/\/blogs.correiobraziliense.com.br\/servidor\/wp-json\/wp\/v2\/posts\/14247\/revisions"}],"predecessor-version":[{"id":14248,"href":"https:\/\/blogs.correiobraziliense.com.br\/servidor\/wp-json\/wp\/v2\/posts\/14247\/revisions\/14248"}],"wp:attachment":[{"href":"https:\/\/blogs.correiobraziliense.com.br\/servidor\/wp-json\/wp\/v2\/media?parent=14247"}],"wp:term":[{"taxonomy":"category","embeddable":true,"href":"https:\/\/blogs.correiobraziliense.com.br\/servidor\/wp-json\/wp\/v2\/categories?post=14247"},{"taxonomy":"post_tag","embeddable":true,"href":"https:\/\/blogs.correiobraziliense.com.br\/servidor\/wp-json\/wp\/v2\/tags?post=14247"}],"curies":[{"name":"wp","href":"https:\/\/api.w.org\/{rel}","templated":true}]}}