{"id":14240,"date":"2019-10-28T12:27:59","date_gmt":"2019-10-28T15:27:59","guid":{"rendered":"https:\/\/blogs.correiobraziliense.com.br\/servidor\/?p=14240"},"modified":"2019-10-28T12:27:59","modified_gmt":"2019-10-28T15:27:59","slug":"ministerio-publico-do-trabalho-vai-apurar-impactos-do-vazamento-de-oleo-na-saude-e-na-economia-de-trabalhadores","status":"publish","type":"post","link":"https:\/\/blogs.correiobraziliense.com.br\/servidor\/ministerio-publico-do-trabalho-vai-apurar-impactos-do-vazamento-de-oleo-na-saude-e-na-economia-de-trabalhadores\/","title":{"rendered":"Minist\u00e9rio P\u00fablico do Trabalho vai apurar impactos do vazamento de \u00f3leo na sa\u00fade e na economia de trabalhadores"},"content":{"rendered":"<p><em>Grupo de trabalho tem dura\u00e7\u00e3o inicial de 90 dias e prev\u00ea a ado\u00e7\u00e3o de medidas judiciais e extrajudiciais caso seja necess\u00e1rio<\/em><\/p>\n<p>O procurador-geral do Minist\u00e9rio P\u00fablico do Trabalho (MPT), Alberto Balazeiro, instituiu nesta segunda-feira (28) grupo de trabalho (GT) para apurar os impactos na sa\u00fade e na economia de trabalhadores afetados pelo vazamento de \u00f3leo no litoral brasileiro. A medida abrange, em especial, os pescadores e prev\u00ea a ado\u00e7\u00e3o de medidas judiciais e extrajudiciais caso seja necess\u00e1rio.<\/p>\n<p>O GT \u00e9 coordenado pela coordenadora nacional de Trabalho Portu\u00e1rio e Aquavi\u00e1rio (Conatpa) do MPT, procuradora Fl\u00e1via Bauler, e ter\u00e1 dura\u00e7\u00e3o inicial de 90 dias, prazo que pode ser prorrogado conforme o andamento das eventuais medidas judiciais.<\/p>\n","protected":false},"excerpt":{"rendered":"<p>Grupo de trabalho tem dura\u00e7\u00e3o inicial de 90 dias e prev\u00ea a ado\u00e7\u00e3o de medidas judiciais e extrajudiciais caso seja necess\u00e1rio O procurador-geral do Minist\u00e9rio P\u00fablico do Trabalho (MPT), Alberto Balazeiro, instituiu nesta segunda-feira (28) grupo de trabalho (GT) para apurar os impactos na sa\u00fade e na economia de trabalhadores afetados pelo vazamento de \u00f3leo no litoral brasileiro. A medida [&hellip;]<\/p>\n","protected":false},"author":27,"featured_media":0,"comment_status":"open","ping_status":"closed","sticky":false,"template":"","format":"standard","meta":{"footnotes":""},"categories":[2719],"tags":[88,4758,4523,10653,453,4752,571,9899,616,19,6480],"class_list":["post-14240","post","type-post","status-publish","format-standard","hentry","category-servidor","tag-economia","tag-gt","tag-impactos","tag-ministerio-publico-do-trabalho","tag-mpf","tag-nordeste","tag-oleo","tag-pescadores","tag-saude","tag-trabalhadores","tag-vazamento"],"_links":{"self":[{"href":"https:\/\/blogs.correiobraziliense.com.br\/servidor\/wp-json\/wp\/v2\/posts\/14240","targetHints":{"allow":["GET"]}}],"collection":[{"href":"https:\/\/blogs.correiobraziliense.com.br\/servidor\/wp-json\/wp\/v2\/posts"}],"about":[{"href":"https:\/\/blogs.correiobraziliense.com.br\/servidor\/wp-json\/wp\/v2\/types\/post"}],"author":[{"embeddable":true,"href":"https:\/\/blogs.correiobraziliense.com.br\/servidor\/wp-json\/wp\/v2\/users\/27"}],"replies":[{"embeddable":true,"href":"https:\/\/blogs.correiobraziliense.com.br\/servidor\/wp-json\/wp\/v2\/comments?post=14240"}],"version-history":[{"count":1,"href":"https:\/\/blogs.correiobraziliense.com.br\/servidor\/wp-json\/wp\/v2\/posts\/14240\/revisions"}],"predecessor-version":[{"id":14241,"href":"https:\/\/blogs.correiobraziliense.com.br\/servidor\/wp-json\/wp\/v2\/posts\/14240\/revisions\/14241"}],"wp:attachment":[{"href":"https:\/\/blogs.correiobraziliense.com.br\/servidor\/wp-json\/wp\/v2\/media?parent=14240"}],"wp:term":[{"taxonomy":"category","embeddable":true,"href":"https:\/\/blogs.correiobraziliense.com.br\/servidor\/wp-json\/wp\/v2\/categories?post=14240"},{"taxonomy":"post_tag","embeddable":true,"href":"https:\/\/blogs.correiobraziliense.com.br\/servidor\/wp-json\/wp\/v2\/tags?post=14240"}],"curies":[{"name":"wp","href":"https:\/\/api.w.org\/{rel}","templated":true}]}}