{"id":14238,"date":"2019-10-28T12:20:06","date_gmt":"2019-10-28T15:20:06","guid":{"rendered":"https:\/\/blogs.correiobraziliense.com.br\/servidor\/?p=14238"},"modified":"2019-10-28T12:20:06","modified_gmt":"2019-10-28T15:20:06","slug":"abrasco-defende-estado-de-emergencia-em-saude-publica-em-consequencia-do-vazamento-de-petroleo-no-nordeste","status":"publish","type":"post","link":"https:\/\/blogs.correiobraziliense.com.br\/servidor\/abrasco-defende-estado-de-emergencia-em-saude-publica-em-consequencia-do-vazamento-de-petroleo-no-nordeste\/","title":{"rendered":"Abrasco defende Estado de Emerg\u00eancia em Sa\u00fade P\u00fablica em consequ\u00eancia do vazamento de petr\u00f3leo no Nordeste"},"content":{"rendered":"<p><em>Popula\u00e7\u00e3o corre risco de sa\u00fade com derramamento de petr\u00f3leo.\u00a0Diante da contamina\u00e7\u00e3o de petr\u00f3leo no litoral do Brasil desde agosto, em todos os eestados da regi\u00e3o Nordeste, a Associa\u00e7\u00e3o Brasileira de Sa\u00fade Coletiva endossa a an\u00e1lise de pesquisadores do Programa de P\u00f3s-Gradua\u00e7\u00e3o em Sa\u00fade, Ambiente e Trabalho da Universidade Federal da Bahia (PPGSAT\/UFBA), e recomenda \u00e0s autoridades a declara\u00e7\u00e3o de Estado de Emerg\u00eancia em Sa\u00fade P\u00fablica<\/em><\/p>\n<p>Em nota os docentes afirmam que h\u00e1 s\u00e9rias amea\u00e7as para a sa\u00fade da popula\u00e7\u00e3o: os componentes qu\u00edmicos do petr\u00f3leo, como o benzeno, s\u00e3o cancer\u00edgenos e podem causar m\u00e1 forma\u00e7\u00e3o fetal e patologias graves. A contamina\u00e7\u00e3o acontece por ingest\u00e3o, absor\u00e7\u00e3o pela pele e inala\u00e7\u00e3o, e as subst\u00e2ncias t\u00f3xicas podem atingir sistemas nervoso, hematopoi\u00e9tico\/imunol\u00f3gico, respirat\u00f3rio, causar les\u00f5es na pele, altera\u00e7\u00f5es hep\u00e1ticas, hormonais, infertilidade, dentre outras consequ\u00eancias.<\/p>\n<p>Al\u00e9m dos banhistas, que entram em contato com a \u00e1gua sem prote\u00e7\u00e3o, os pesquisadores consideram que correm riscos os volunt\u00e1rios no processo de limpar as praias do \u00f3leo, quando n\u00e3o t\u00eam equipamentos adequados, e comunidades de pescadores artesanais, que obt\u00e9m da pesca e da mariscagem o sustento.<\/p>\n<p>Assim, prop\u00f5e-se que seja declarada a situa\u00e7\u00e3o de Emerg\u00eancia em Sa\u00fade P\u00fablica a fim de assegurar medidas urgentes, como atendimento aos trabalhadores que atuam nas praias e manguezais onde o petr\u00f3leo coloca em risco a atividade ocupacional de pesca e mariscagem; interdi\u00e7\u00e3o dos pontos contaminados; controle sanit\u00e1rio e de seguran\u00e7a alimentar e nutricional. O Programa de P\u00f3s-Gradua\u00e7\u00e3o em Sa\u00fade, Ambiente e Trabalho da Universidade Federal da Bahia \u00e9 associado institucional da Abrasco.<\/p>\n<p>A Abrasco segue acompanhando os desdobramentos desse desastre e continuar\u00e1 exigindo das autoridades a\u00e7\u00f5es que visem a prote\u00e7\u00e3o do meio-ambiente de danos ainda maiores e o cuidado da sa\u00fade das popula\u00e7\u00f5es atingidas&#8221;, afirma o documento.<\/p>\n<p>Veja a <a href=\"https:\/\/www.abrasco.org.br\/site\/wp-content\/uploads\/2019\/10\/NOTA-DESASTRE-PETR%C3%93LEO-Emerg%C3%AAncia-em-Sa%C3%BAde-P%C3%BAblica.pdf\">nota da UFBA<\/a>.<\/p>\n","protected":false},"excerpt":{"rendered":"<p>Popula\u00e7\u00e3o corre risco de sa\u00fade com derramamento de petr\u00f3leo.\u00a0Diante da contamina\u00e7\u00e3o de petr\u00f3leo no litoral do Brasil desde agosto, em todos os eestados da regi\u00e3o Nordeste, a Associa\u00e7\u00e3o Brasileira de Sa\u00fade Coletiva endossa a an\u00e1lise de pesquisadores do Programa de P\u00f3s-Gradua\u00e7\u00e3o em Sa\u00fade, Ambiente e Trabalho da Universidade Federal da Bahia (PPGSAT\/UFBA), e recomenda \u00e0s autoridades a declara\u00e7\u00e3o de Estado [&hellip;]<\/p>\n","protected":false},"author":27,"featured_media":0,"comment_status":"open","ping_status":"closed","sticky":false,"template":"","format":"standard","meta":{"footnotes":""},"categories":[2719],"tags":[15104,16326,4752,3901,16312,6480],"class_list":["post-14238","post","type-post","status-publish","format-standard","hentry","category-servidor","tag-abrasco","tag-estado-de-emergencia-em-saude-publica","tag-nordeste","tag-petroleo","tag-ufba","tag-vazamento"],"_links":{"self":[{"href":"https:\/\/blogs.correiobraziliense.com.br\/servidor\/wp-json\/wp\/v2\/posts\/14238","targetHints":{"allow":["GET"]}}],"collection":[{"href":"https:\/\/blogs.correiobraziliense.com.br\/servidor\/wp-json\/wp\/v2\/posts"}],"about":[{"href":"https:\/\/blogs.correiobraziliense.com.br\/servidor\/wp-json\/wp\/v2\/types\/post"}],"author":[{"embeddable":true,"href":"https:\/\/blogs.correiobraziliense.com.br\/servidor\/wp-json\/wp\/v2\/users\/27"}],"replies":[{"embeddable":true,"href":"https:\/\/blogs.correiobraziliense.com.br\/servidor\/wp-json\/wp\/v2\/comments?post=14238"}],"version-history":[{"count":1,"href":"https:\/\/blogs.correiobraziliense.com.br\/servidor\/wp-json\/wp\/v2\/posts\/14238\/revisions"}],"predecessor-version":[{"id":14239,"href":"https:\/\/blogs.correiobraziliense.com.br\/servidor\/wp-json\/wp\/v2\/posts\/14238\/revisions\/14239"}],"wp:attachment":[{"href":"https:\/\/blogs.correiobraziliense.com.br\/servidor\/wp-json\/wp\/v2\/media?parent=14238"}],"wp:term":[{"taxonomy":"category","embeddable":true,"href":"https:\/\/blogs.correiobraziliense.com.br\/servidor\/wp-json\/wp\/v2\/categories?post=14238"},{"taxonomy":"post_tag","embeddable":true,"href":"https:\/\/blogs.correiobraziliense.com.br\/servidor\/wp-json\/wp\/v2\/tags?post=14238"}],"curies":[{"name":"wp","href":"https:\/\/api.w.org\/{rel}","templated":true}]}}