{"id":14227,"date":"2019-10-25T14:41:53","date_gmt":"2019-10-25T17:41:53","guid":{"rendered":"https:\/\/blogs.correiobraziliense.com.br\/servidor\/?p=14227"},"modified":"2019-10-25T14:41:53","modified_gmt":"2019-10-25T17:41:53","slug":"ministerio-da-economia-nota-de-esclarecimento","status":"publish","type":"post","link":"https:\/\/blogs.correiobraziliense.com.br\/servidor\/ministerio-da-economia-nota-de-esclarecimento\/","title":{"rendered":"Minist\u00e9rio da Economia &#8211; Nota de esclarecimento"},"content":{"rendered":"<p><i>O Minist\u00e9rio da Economia (ME) esclarece que, diferente do citado na mat\u00e9ria <a href=\"https:\/\/blogs.correiobraziliense.com.br\/servidor\/governo-iniciara-reforma-administrativa-por-emenda-constituicional\/\">&#8220;Governo iniciar\u00e1 reforma administrativa por Emenda Constitucional&#8221;<\/a>, mant\u00e9m di\u00e1logo transparente com as entidades representativas dos servidores p\u00fablicos federais no que se refere \u00e0s rela\u00e7\u00f5es de trabalho na Administra\u00e7\u00e3o P\u00fablica federal direta, aut\u00e1rquica e fundacional.<\/p>\n<p><\/i>De Janeiro a outubro de 2019, o minist\u00e9rio realizou 37 reuni\u00f5es com sindicatos e associa\u00e7\u00f5es de servidores, algumas dessas reuni\u00f5es com a participa\u00e7\u00e3o de diversas entidades. Para se ter clareza da relev\u00e2ncia das reuni\u00f5es realizadas, o grupo de entidades atendido representa mais de 500 mil servidores.<\/p>\n","protected":false},"excerpt":{"rendered":"<p>O Minist\u00e9rio da Economia (ME) esclarece que, diferente do citado na mat\u00e9ria &#8220;Governo iniciar\u00e1 reforma administrativa por Emenda Constitucional&#8221;, mant\u00e9m di\u00e1logo transparente com as entidades representativas dos servidores p\u00fablicos federais no que se refere \u00e0s rela\u00e7\u00f5es de trabalho na Administra\u00e7\u00e3o P\u00fablica federal direta, aut\u00e1rquica e fundacional. De Janeiro a outubro de 2019, o minist\u00e9rio realizou 37 reuni\u00f5es com sindicatos e [&hellip;]<\/p>\n","protected":false},"author":27,"featured_media":0,"comment_status":"open","ping_status":"closed","sticky":false,"template":"","format":"standard","meta":{"footnotes":""},"categories":[2719],"tags":[1133,4808,98,14327,15938,58,913],"class_list":["post-14227","post","type-post","status-publish","format-standard","hentry","category-servidor","tag-dialogo","tag-emenda-constitucional","tag-governo","tag-ministerio-da-economia","tag-reforma-administrativa","tag-servidores","tag-transparente"],"_links":{"self":[{"href":"https:\/\/blogs.correiobraziliense.com.br\/servidor\/wp-json\/wp\/v2\/posts\/14227","targetHints":{"allow":["GET"]}}],"collection":[{"href":"https:\/\/blogs.correiobraziliense.com.br\/servidor\/wp-json\/wp\/v2\/posts"}],"about":[{"href":"https:\/\/blogs.correiobraziliense.com.br\/servidor\/wp-json\/wp\/v2\/types\/post"}],"author":[{"embeddable":true,"href":"https:\/\/blogs.correiobraziliense.com.br\/servidor\/wp-json\/wp\/v2\/users\/27"}],"replies":[{"embeddable":true,"href":"https:\/\/blogs.correiobraziliense.com.br\/servidor\/wp-json\/wp\/v2\/comments?post=14227"}],"version-history":[{"count":1,"href":"https:\/\/blogs.correiobraziliense.com.br\/servidor\/wp-json\/wp\/v2\/posts\/14227\/revisions"}],"predecessor-version":[{"id":14228,"href":"https:\/\/blogs.correiobraziliense.com.br\/servidor\/wp-json\/wp\/v2\/posts\/14227\/revisions\/14228"}],"wp:attachment":[{"href":"https:\/\/blogs.correiobraziliense.com.br\/servidor\/wp-json\/wp\/v2\/media?parent=14227"}],"wp:term":[{"taxonomy":"category","embeddable":true,"href":"https:\/\/blogs.correiobraziliense.com.br\/servidor\/wp-json\/wp\/v2\/categories?post=14227"},{"taxonomy":"post_tag","embeddable":true,"href":"https:\/\/blogs.correiobraziliense.com.br\/servidor\/wp-json\/wp\/v2\/tags?post=14227"}],"curies":[{"name":"wp","href":"https:\/\/api.w.org\/{rel}","templated":true}]}}