{"id":14220,"date":"2019-10-25T11:52:35","date_gmt":"2019-10-25T14:52:35","guid":{"rendered":"https:\/\/blogs.correiobraziliense.com.br\/servidor\/?p=14220"},"modified":"2019-10-25T11:52:35","modified_gmt":"2019-10-25T14:52:35","slug":"servidores-do-inmetro-promovem-o-1o-forum-internacional-de-metrologia-legal","status":"publish","type":"post","link":"https:\/\/blogs.correiobraziliense.com.br\/servidor\/servidores-do-inmetro-promovem-o-1o-forum-internacional-de-metrologia-legal\/","title":{"rendered":"Servidores do Inmetro promovem o 1\u00ba F\u00f3rum Internacional de Metrologia Legal"},"content":{"rendered":"<p><em>O f\u00f3rum tem como objetivo a cria\u00e7\u00e3o de um ambiente t\u00e9cnico de an\u00e1lise e discuss\u00e3o dos modelos de regula\u00e7\u00e3o (metrologia legal) adotados por v\u00e1rios pa\u00edses, suas vantagens e pontos de fragilidade, considerando os aspectos espec\u00edficos de cada pa\u00eds<\/em><\/p>\n<p>O F\u00f3rum Internacional de Metrologia Legal, acontece hoje, 25 de outubro, no Copacabana Mar Hotel, na Rua Viveiros de Castro, 155, Copacabana (pr\u00f3ximo ao metr\u00f4 da Esta\u00e7\u00e3o Arcoverde) &#8211; Rio de Janeiro.<\/p>\n<p>Inscri\u00e7\u00f5es (gratuitas) para o e-mail forum@asmetro.org.br<br \/>\nAs vagas s\u00e3o limitadas<\/p>\n<p>Tem\u00e1ticas do F\u00f3rum<br \/>\n\u2022 Modelo de Metrologia Legal na Europa &#8211; Jos\u00e9 Nuno Cartaxo Reis \u2013 especialista em Metrologia Legal \u2013UE<br \/>\n\u2022 Controle Metrol\u00f3gico no Brasil e nas Am\u00e9ricas &#8211; C\u00e9sar Luiz \u2013 especialista em Metrologia Legal \u2013 BR<br \/>\n\u2022 O papel da Rede Brasileira de Metrologia Legal e Qualidade do Inmetro (RBMLQ-I) &#8211; Ant\u00f4nio Louren\u00e7o Pancieri \u2013 Diretor do IPEM-SP<br \/>\n\u2022 A import\u00e2ncia da Metrologia Legal na vis\u00e3o do setor produtivo &#8211; Daniela Soares \u2013 Diretora da REMESP\/ Gerente de Metrologia e Qualidade (MettlerToledo)<\/p>\n","protected":false},"excerpt":{"rendered":"<p>O f\u00f3rum tem como objetivo a cria\u00e7\u00e3o de um ambiente t\u00e9cnico de an\u00e1lise e discuss\u00e3o dos modelos de regula\u00e7\u00e3o (metrologia legal) adotados por v\u00e1rios pa\u00edses, suas vantagens e pontos de fragilidade, considerando os aspectos espec\u00edficos de cada pa\u00eds O F\u00f3rum Internacional de Metrologia Legal, acontece hoje, 25 de outubro, no Copacabana Mar Hotel, na Rua Viveiros de Castro, 155, Copacabana [&hellip;]<\/p>\n","protected":false},"author":27,"featured_media":0,"comment_status":"open","ping_status":"closed","sticky":false,"template":"","format":"standard","meta":{"footnotes":""},"categories":[2719],"tags":[1224,207,16319,12692,485,7946,6835,58,10692],"class_list":["post-14220","post","type-post","status-publish","format-standard","hentry","category-servidor","tag-analise","tag-controle","tag-forum-internacional-de-metrologia-legal","tag-fragilidade","tag-inmetro","tag-modelos","tag-regulacao","tag-servidores","tag-setor-produtivo"],"_links":{"self":[{"href":"https:\/\/blogs.correiobraziliense.com.br\/servidor\/wp-json\/wp\/v2\/posts\/14220","targetHints":{"allow":["GET"]}}],"collection":[{"href":"https:\/\/blogs.correiobraziliense.com.br\/servidor\/wp-json\/wp\/v2\/posts"}],"about":[{"href":"https:\/\/blogs.correiobraziliense.com.br\/servidor\/wp-json\/wp\/v2\/types\/post"}],"author":[{"embeddable":true,"href":"https:\/\/blogs.correiobraziliense.com.br\/servidor\/wp-json\/wp\/v2\/users\/27"}],"replies":[{"embeddable":true,"href":"https:\/\/blogs.correiobraziliense.com.br\/servidor\/wp-json\/wp\/v2\/comments?post=14220"}],"version-history":[{"count":1,"href":"https:\/\/blogs.correiobraziliense.com.br\/servidor\/wp-json\/wp\/v2\/posts\/14220\/revisions"}],"predecessor-version":[{"id":14221,"href":"https:\/\/blogs.correiobraziliense.com.br\/servidor\/wp-json\/wp\/v2\/posts\/14220\/revisions\/14221"}],"wp:attachment":[{"href":"https:\/\/blogs.correiobraziliense.com.br\/servidor\/wp-json\/wp\/v2\/media?parent=14220"}],"wp:term":[{"taxonomy":"category","embeddable":true,"href":"https:\/\/blogs.correiobraziliense.com.br\/servidor\/wp-json\/wp\/v2\/categories?post=14220"},{"taxonomy":"post_tag","embeddable":true,"href":"https:\/\/blogs.correiobraziliense.com.br\/servidor\/wp-json\/wp\/v2\/tags?post=14220"}],"curies":[{"name":"wp","href":"https:\/\/api.w.org\/{rel}","templated":true}]}}