{"id":14200,"date":"2019-10-24T15:15:18","date_gmt":"2019-10-24T18:15:18","guid":{"rendered":"https:\/\/blogs.correiobraziliense.com.br\/servidor\/?p=14200"},"modified":"2019-10-24T17:42:31","modified_gmt":"2019-10-24T20:42:31","slug":"encontro-interlegis-gestao-de-pessoas-no-setor-publico-desafios-e-solucoes","status":"publish","type":"post","link":"https:\/\/blogs.correiobraziliense.com.br\/servidor\/encontro-interlegis-gestao-de-pessoas-no-setor-publico-desafios-e-solucoes\/","title":{"rendered":"Encontro Interlegis: Gest\u00e3o de Pessoas no Setor P\u00fablico-Desafios e Solu\u00e7\u00f5es"},"content":{"rendered":"<p><em>O Interlegis \u00e9 um programa do Senado Federal criado em 1997. \u00c9 executado pelo Instituto Legislativo Brasileiro, o \u00f3rg\u00e3o de capacita\u00e7\u00e3o do Senado destinado a difundir o conhecimento produzido no Legislativo. O objetivo do Interlegis \u00e9 fortalecer o Poder Legislativo brasileiro por meio do est\u00edmulo \u00e0 moderniza\u00e7\u00e3o e a integra\u00e7\u00e3o das casas legislativas, com a transfer\u00eancia de tecnologia e com a\u00e7\u00f5es de capacita\u00e7\u00e3o<\/em><\/p>\n<p>Participar\u00e3o do encontro o secret\u00e1rio de Gest\u00e3o de Pessoas do Minist\u00e9rio da Economia, Wagner Lenhart, Ilana Trombka, a diretora-geral do Senado, Rodrigo Renn\u00f3, coordenador do Minist\u00e9rio da Agricultura, entre outras autoridades.<\/p>\n<p>Veja os detalhes:<img loading=\"lazy\" decoding=\"async\" class=\"alignright size-full wp-image-14201\" src=\"https:\/\/blogs.correiobraziliense.com.br\/servidor\/wp-content\/uploads\/sites\/10\/2019\/10\/image003.jpg\" alt=\"\" width=\"892\" height=\"792\" srcset=\"https:\/\/blogs.correiobraziliense.com.br\/servidor\/wp-content\/uploads\/sites\/10\/2019\/10\/image003.jpg 892w, https:\/\/blogs.correiobraziliense.com.br\/servidor\/wp-content\/uploads\/sites\/10\/2019\/10\/image003-300x266.jpg 300w, https:\/\/blogs.correiobraziliense.com.br\/servidor\/wp-content\/uploads\/sites\/10\/2019\/10\/image003-768x682.jpg 768w, https:\/\/blogs.correiobraziliense.com.br\/servidor\/wp-content\/uploads\/sites\/10\/2019\/10\/image003-350x311.jpg 350w, https:\/\/blogs.correiobraziliense.com.br\/servidor\/wp-content\/uploads\/sites\/10\/2019\/10\/image003-550x488.jpg 550w, https:\/\/blogs.correiobraziliense.com.br\/servidor\/wp-content\/uploads\/sites\/10\/2019\/10\/image003-230x204.jpg 230w\" sizes=\"auto, (max-width: 892px) 100vw, 892px\" \/><\/p>\n<p>&nbsp;<\/p>\n","protected":false},"excerpt":{"rendered":"<p>O Interlegis \u00e9 um programa do Senado Federal criado em 1997. \u00c9 executado pelo Instituto Legislativo Brasileiro, o \u00f3rg\u00e3o de capacita\u00e7\u00e3o do Senado destinado a difundir o conhecimento produzido no Legislativo. O objetivo do Interlegis \u00e9 fortalecer o Poder Legislativo brasileiro por meio do est\u00edmulo \u00e0 moderniza\u00e7\u00e3o e a integra\u00e7\u00e3o das casas legislativas, com a transfer\u00eancia de tecnologia e com [&hellip;]<\/p>\n","protected":false},"author":27,"featured_media":0,"comment_status":"open","ping_status":"closed","sticky":false,"template":"","format":"standard","meta":{"footnotes":""},"categories":[2719],"tags":[1653,56,14268,5875,575],"class_list":["post-14200","post","type-post","status-publish","format-standard","hentry","category-servidor","tag-bid","tag-estado","tag-gestao-de-pessoas","tag-interlegis","tag-servico-publico"],"_links":{"self":[{"href":"https:\/\/blogs.correiobraziliense.com.br\/servidor\/wp-json\/wp\/v2\/posts\/14200","targetHints":{"allow":["GET"]}}],"collection":[{"href":"https:\/\/blogs.correiobraziliense.com.br\/servidor\/wp-json\/wp\/v2\/posts"}],"about":[{"href":"https:\/\/blogs.correiobraziliense.com.br\/servidor\/wp-json\/wp\/v2\/types\/post"}],"author":[{"embeddable":true,"href":"https:\/\/blogs.correiobraziliense.com.br\/servidor\/wp-json\/wp\/v2\/users\/27"}],"replies":[{"embeddable":true,"href":"https:\/\/blogs.correiobraziliense.com.br\/servidor\/wp-json\/wp\/v2\/comments?post=14200"}],"version-history":[{"count":3,"href":"https:\/\/blogs.correiobraziliense.com.br\/servidor\/wp-json\/wp\/v2\/posts\/14200\/revisions"}],"predecessor-version":[{"id":14205,"href":"https:\/\/blogs.correiobraziliense.com.br\/servidor\/wp-json\/wp\/v2\/posts\/14200\/revisions\/14205"}],"wp:attachment":[{"href":"https:\/\/blogs.correiobraziliense.com.br\/servidor\/wp-json\/wp\/v2\/media?parent=14200"}],"wp:term":[{"taxonomy":"category","embeddable":true,"href":"https:\/\/blogs.correiobraziliense.com.br\/servidor\/wp-json\/wp\/v2\/categories?post=14200"},{"taxonomy":"post_tag","embeddable":true,"href":"https:\/\/blogs.correiobraziliense.com.br\/servidor\/wp-json\/wp\/v2\/tags?post=14200"}],"curies":[{"name":"wp","href":"https:\/\/api.w.org\/{rel}","templated":true}]}}