{"id":14191,"date":"2019-10-24T11:14:36","date_gmt":"2019-10-24T14:14:36","guid":{"rendered":"https:\/\/blogs.correiobraziliense.com.br\/servidor\/?p=14191"},"modified":"2019-10-24T13:53:07","modified_gmt":"2019-10-24T16:53:07","slug":"ministro-da-economia-recebe-servidores-pela-primeira-vez","status":"publish","type":"post","link":"https:\/\/blogs.correiobraziliense.com.br\/servidor\/ministro-da-economia-recebe-servidores-pela-primeira-vez\/","title":{"rendered":"Ministro da Economia recebe servidores pela primeira vez"},"content":{"rendered":"<p><em>Quem recebeu os servidores foi o s<span>ecret\u00e1rio Nacional de Gest\u00e3o e Desempenho de Pessoal, Wagner Lenhart. <\/span>Na data em que se comemora no Plen\u00e1rio da C\u00e2mara dos Deputados o Dia do Servidor, no pr\u00f3ximo dia 28 de outubro, a \u00fanica novidade considerada positiva para o funcionalismo, ap\u00f3s 10 meses do novo governo, sem di\u00e1logo, \u00e9 a poss\u00edvel abertura das negocia\u00e7\u00f5es com a equipe econ\u00f4mica<\/em><\/p>\n<p>O presidente do F\u00f3rum Nacional das Carreiras T\u00edpicas de Estado (Fonacate), Rudinei Marques, ter\u00e1, no final dessa manh\u00e3, uma reuni\u00e3o com o ministro da Economia, Paulo Guedes, para apresentar propostas que incentivem o desenvolvimento do pa\u00eds, sem reduzir drasticamente o tamanho do Estado. A expectativa, de acordo com Marques, inicialmente, \u00e9 de que a conversa seja o \u201cprimeiro passo para o entendimento\u201d.<\/p>\n<p>Na C\u00e2mara, o evento reuniu funcion\u00e1rios p\u00fablicos dos Tr\u00eas Poderes e das tr\u00eas esferas. A maior preocupa\u00e7\u00e3o de servidores e parlamentares \u00e9 o poss\u00edvel conte\u00fado da reforma administrativa que est\u00e1 sendo divulgada aos poucos pelo governo. Entre os temas das prov\u00e1veis altera\u00e7\u00f5es nas regras da administra\u00e7\u00e3o p\u00fablica, incomodam mais a quebra da estabilidade, a redu\u00e7\u00e3o de sal\u00e1rio de acesso ao servi\u00e7o p\u00fablico e a terceiriza\u00e7\u00e3o da m\u00e3o de obra, por meio de cria\u00e7\u00e3o de novos cargos sem estabilidade.<\/p>\n<p>A deputada federal Erika Kokay (PT\/DF), que fez o requerimento \u00e0 Casa para a homenagem, citou os exemplos de v\u00e1rios pa\u00edses vizinhos que seguiram as mesmas normas liberais que o atual governo brasileiro tenta impor e tiveram grandes fracassos. \u201cS\u00e3o exemplos a situa\u00e7\u00e3o que o Chile vive hoje. N\u00e3o queremos isso para o Brasil. Tamb\u00e9m n\u00e3o queremos mais inc\u00eandios na Amaz\u00f4nia, ou manchas de \u00f3leo no litoral do Nordeste. N\u00f3s n\u00e3o vamos permitir servidor sem estabilidade\u201d, destacou.<\/p>\n<p>No entender de \u00c9rika Kokay, esse e um per\u00edodo de luto, a repeti\u00e7\u00e3o do que o pa\u00eds j\u00e1 viveu no passado. \u201cA nossa Constitui\u00e7\u00e3o tem sido a\u00e7oitada todos os dias. As receitas prim\u00e1rias sob a \u00e9gide de uma restri\u00e7\u00e3o sem precedentes destroem o servi\u00e7o p\u00fablico\u201d, afirmou. Ela disse que \u00e9 preciso desmitificar os discursos oficiais que apontam o servidor como o maior culpado pelo rombo nas contas p\u00fablicas.<\/p>\n<p>O governo d\u00e1 isen\u00e7\u00f5es fiscais a empresas e a institui\u00e7\u00f5es financeiras e n\u00e3o cuida dos projetos sociais priorit\u00e1rios, disse a deputada. \u201cS\u00e3o os servidores, nos lugares mais long\u00ednquos, que levam a democracia \u00e0 sociedade. S\u00e3o eles que d\u00e3o atendimento aos que mais precisam. Por isso temos que mudar o discurso e mostrar \u00e0 sociedade a import\u00e2ncia do trabalho dos servidores, que a todo momento servem ao povo\u201d, destacou Erika Kokay. Complementou ainda lembrando que \u00e9 dever do Executivo ouvir as demandas dos servidores. \u201cO que esta gest\u00e3o tem negado at\u00e9 o momento\u201d, reiterou.<\/p>\n","protected":false},"excerpt":{"rendered":"<p>Quem recebeu os servidores foi o secret\u00e1rio Nacional de Gest\u00e3o e Desempenho de Pessoal, Wagner Lenhart. Na data em que se comemora no Plen\u00e1rio da C\u00e2mara dos Deputados o Dia do Servidor, no pr\u00f3ximo dia 28 de outubro, a \u00fanica novidade considerada positiva para o funcionalismo, ap\u00f3s 10 meses do novo governo, sem di\u00e1logo, \u00e9 a poss\u00edvel abertura das negocia\u00e7\u00f5es [&hellip;]<\/p>\n","protected":false},"author":27,"featured_media":0,"comment_status":"open","ping_status":"closed","sticky":false,"template":"","format":"standard","meta":{"footnotes":""},"categories":[2719],"tags":[1531,4095,9994,1164,14327,894,15938,58],"class_list":["post-14191","post","type-post","status-publish","format-standard","hentry","category-servidor","tag-camara-dos-deputados","tag-dia-do-servidor","tag-equipe-economica","tag-funcionalismo","tag-ministerio-da-economia","tag-negociacoes","tag-reforma-administrativa","tag-servidores"],"_links":{"self":[{"href":"https:\/\/blogs.correiobraziliense.com.br\/servidor\/wp-json\/wp\/v2\/posts\/14191","targetHints":{"allow":["GET"]}}],"collection":[{"href":"https:\/\/blogs.correiobraziliense.com.br\/servidor\/wp-json\/wp\/v2\/posts"}],"about":[{"href":"https:\/\/blogs.correiobraziliense.com.br\/servidor\/wp-json\/wp\/v2\/types\/post"}],"author":[{"embeddable":true,"href":"https:\/\/blogs.correiobraziliense.com.br\/servidor\/wp-json\/wp\/v2\/users\/27"}],"replies":[{"embeddable":true,"href":"https:\/\/blogs.correiobraziliense.com.br\/servidor\/wp-json\/wp\/v2\/comments?post=14191"}],"version-history":[{"count":3,"href":"https:\/\/blogs.correiobraziliense.com.br\/servidor\/wp-json\/wp\/v2\/posts\/14191\/revisions"}],"predecessor-version":[{"id":14194,"href":"https:\/\/blogs.correiobraziliense.com.br\/servidor\/wp-json\/wp\/v2\/posts\/14191\/revisions\/14194"}],"wp:attachment":[{"href":"https:\/\/blogs.correiobraziliense.com.br\/servidor\/wp-json\/wp\/v2\/media?parent=14191"}],"wp:term":[{"taxonomy":"category","embeddable":true,"href":"https:\/\/blogs.correiobraziliense.com.br\/servidor\/wp-json\/wp\/v2\/categories?post=14191"},{"taxonomy":"post_tag","embeddable":true,"href":"https:\/\/blogs.correiobraziliense.com.br\/servidor\/wp-json\/wp\/v2\/tags?post=14191"}],"curies":[{"name":"wp","href":"https:\/\/api.w.org\/{rel}","templated":true}]}}