{"id":14184,"date":"2019-10-23T12:29:33","date_gmt":"2019-10-23T15:29:33","guid":{"rendered":"https:\/\/blogs.correiobraziliense.com.br\/servidor\/?p=14184"},"modified":"2019-10-23T12:29:33","modified_gmt":"2019-10-23T15:29:33","slug":"frente-parlamentar-lanca-manifesto-em-defesa-do-servico-publico","status":"publish","type":"post","link":"https:\/\/blogs.correiobraziliense.com.br\/servidor\/frente-parlamentar-lanca-manifesto-em-defesa-do-servico-publico\/","title":{"rendered":"Frente Parlamentar lan\u00e7a manifesto em defesa do servi\u00e7o p\u00fablico"},"content":{"rendered":"<p><em>No relan\u00e7amento da Frente Parlamentar Mista do Servi\u00e7o P\u00fablico foi lan\u00e7ado um manifesto em defesa do funcionalismo das tr\u00eas esferas (estadual, municipal e federal) e dos Tr\u00eas Poderes (Executivo, Legislativo e Judici\u00e1rio). O objetivo \u00e9 incentivar a moderniza\u00e7\u00e3o e a atualiza\u00e7\u00e3o do servi\u00e7o p\u00fablico, mas combater &#8220;o falso discurso do governo federal&#8221; que tenta &#8220;sucatear para justificar a privatiza\u00e7\u00e3o&#8221;<\/em><\/p>\n<p>O documento destaca que as dificuldade com as quais os servidores se deparam no exerc\u00edcio das atividades do dia a dia s\u00e3o &#8220;fruto do descaso das autoridades&#8221;. &#8220;Por isso, governos promovem o desmonte de servidos, al\u00e9m de dificultar o acesso \u00e0 popula\u00e7\u00e3o, ao mesmo tempo em que incentivam o crescimento de empesas privadas em diversas \u00e1reas, buscando exclusivamente o lucro, sem nenhuma preocupa\u00e7\u00e3o com as necessidades da popula\u00e7\u00e3o, deixando boa parte desassistida&#8221;.<\/p>\n<p>De acordo com o documento, o descaso \u00e9 grande em \u00e1reas estrat\u00e9gicas para o pa\u00eds, como seguran\u00e7a (nas cidades, nos campos, nas estradas, ou nas fronteiras). Prejudica ainda a defesa do meio ambiente, a garantia da vida, das terras e da cultura de popula\u00e7\u00f5es ind\u00edgenas e tradicionais. Mais prejudicadas, ainda, ficam as \u00e1reas de controle e fiscaliza\u00e7\u00e3o, a auditoria fiscal agropecu\u00e1ria, a Receita Federal. &#8220;Tamb\u00e9m s\u00e3o v\u00edtimas de ataques o desenvolvimento cient\u00edfico e tecnol\u00f3gico e pesquisa em todas as suas frentes de atua\u00e7\u00e3o&#8221;, diz o manifesto.<\/p>\n<p>&#8220;N\u00e3o podemos deixar de mencionar \u00e1reas tamb\u00e9m estrat\u00e9gicas como a defensoria p\u00fablica e o servi\u00e7o exterior brasileiro. Tamb\u00e9m destacamos os servidores e os servi\u00e7os prestados pelos Poderes Judici\u00e1rio, nas esferas federal e estaduais, al\u00e9m dos servidores do Legislativo nas tr\u00eas esferas de governo&#8221;, alerta o documento. O manifesto destaca, ainda, que o governo, com o falso discurso de modernidade, apresenta propostas de reformas de atingir\u00e3o todos, com cortes e limita\u00e7\u00f5es das atividades, flexibiliza\u00e7\u00e3o da contrata\u00e7\u00e3o do servi\u00e7o p\u00fablico, com amplia\u00e7\u00e3o de terceiriza\u00e7\u00f5es e contrata\u00e7\u00f5es tempor\u00e1rias.<\/p>\n<p>&#8220;Tamb\u00e9m est\u00e3o presentes o fim da estabilidade dos servidores, juntamente com &#8216;novos&#8217; crit\u00e9rios de avalia\u00e7\u00e3o de desempenho permitindo a demiss\u00e3o por insufici\u00eancia de desempenho e facilitando a persegui\u00e7\u00e3o pol\u00edtica; a fus\u00e3o de carreiras e atividades, n\u00e3o respeitando as especificidades de diversas atividades, cargos e carreira \u00e9 outra quest\u00e3o anunciada, al\u00e9m de dificultar o desenvolvimento dos servidores e suas carreiras&#8221;, cita o manifesto.<\/p>\n<p>O documento tamb\u00e9m cita os ataques do governo federal ao direito de greve dos servidores, o novo c\u00f3digo de conduta, a limita\u00e7\u00e3o de organiza\u00e7\u00e3o sindical, propostas que, diz o documento, restringem a atua\u00e7\u00e3o dos servidores em sua fun\u00e7\u00e3o. O manifesto finaliza com a observa\u00e7\u00e3o de que os servidores entendem a clara necessidade de atualiza\u00e7\u00e3o e moderniza\u00e7\u00e3o do servi\u00e7o p\u00fablico, mas com foco no desenvolvimento da na\u00e7\u00e3o e no atendimento da sociedade brasileira.<\/p>\n<p>&#8220;Por isso, consideramos de extrema import\u00e2ncia e urg\u00eancia e a n\u00e3o apresenta\u00e7\u00e3o dessas propostas pelo governo federal e, caso apresentadas, o total combate a elas e a unidade da sociedade brasileira em defesa do servi\u00e7o e dos servidores p\u00fablicos do nosso pa\u00eds&#8221;, assinala.<\/p>\n<p>&nbsp;<\/p>\n","protected":false},"excerpt":{"rendered":"<p>No relan\u00e7amento da Frente Parlamentar Mista do Servi\u00e7o P\u00fablico foi lan\u00e7ado um manifesto em defesa do funcionalismo das tr\u00eas esferas (estadual, municipal e federal) e dos Tr\u00eas Poderes (Executivo, Legislativo e Judici\u00e1rio). O objetivo \u00e9 incentivar a moderniza\u00e7\u00e3o e a atualiza\u00e7\u00e3o do servi\u00e7o p\u00fablico, mas combater &#8220;o falso discurso do governo federal&#8221; que tenta &#8220;sucatear para justificar a privatiza\u00e7\u00e3o&#8221; O [&hellip;]<\/p>\n","protected":false},"author":27,"featured_media":0,"comment_status":"open","ping_status":"closed","sticky":false,"template":"","format":"standard","meta":{"footnotes":""},"categories":[2719],"tags":[981,791,55,207,9,940,4049,16280,98,64,10,623,4946,9371],"class_list":["post-14184","post","type-post","status-publish","format-standard","hentry","category-servidor","tag-atualizacao","tag-cargos","tag-carreiras","tag-controle","tag-executivo","tag-fiscalizacao","tag-flexibilizacao","tag-frente-parlamentar-mista-do-servico-publico","tag-governo","tag-judiciario","tag-legislativo","tag-manifesto","tag-modernizacao","tag-tres-poderes"],"_links":{"self":[{"href":"https:\/\/blogs.correiobraziliense.com.br\/servidor\/wp-json\/wp\/v2\/posts\/14184","targetHints":{"allow":["GET"]}}],"collection":[{"href":"https:\/\/blogs.correiobraziliense.com.br\/servidor\/wp-json\/wp\/v2\/posts"}],"about":[{"href":"https:\/\/blogs.correiobraziliense.com.br\/servidor\/wp-json\/wp\/v2\/types\/post"}],"author":[{"embeddable":true,"href":"https:\/\/blogs.correiobraziliense.com.br\/servidor\/wp-json\/wp\/v2\/users\/27"}],"replies":[{"embeddable":true,"href":"https:\/\/blogs.correiobraziliense.com.br\/servidor\/wp-json\/wp\/v2\/comments?post=14184"}],"version-history":[{"count":1,"href":"https:\/\/blogs.correiobraziliense.com.br\/servidor\/wp-json\/wp\/v2\/posts\/14184\/revisions"}],"predecessor-version":[{"id":14185,"href":"https:\/\/blogs.correiobraziliense.com.br\/servidor\/wp-json\/wp\/v2\/posts\/14184\/revisions\/14185"}],"wp:attachment":[{"href":"https:\/\/blogs.correiobraziliense.com.br\/servidor\/wp-json\/wp\/v2\/media?parent=14184"}],"wp:term":[{"taxonomy":"category","embeddable":true,"href":"https:\/\/blogs.correiobraziliense.com.br\/servidor\/wp-json\/wp\/v2\/categories?post=14184"},{"taxonomy":"post_tag","embeddable":true,"href":"https:\/\/blogs.correiobraziliense.com.br\/servidor\/wp-json\/wp\/v2\/tags?post=14184"}],"curies":[{"name":"wp","href":"https:\/\/api.w.org\/{rel}","templated":true}]}}