{"id":1417,"date":"2016-03-31T14:44:53","date_gmt":"2016-03-31T17:44:53","guid":{"rendered":"https:\/\/blogs.correiobraziliense.com.br\/servidor\/?p=1417"},"modified":"2016-03-31T14:44:53","modified_gmt":"2016-03-31T17:44:53","slug":"comunicado-do-ministro-lewandowski-sobre-atentado-contra-juiza-do-tjsp","status":"publish","type":"post","link":"https:\/\/blogs.correiobraziliense.com.br\/servidor\/comunicado-do-ministro-lewandowski-sobre-atentado-contra-juiza-do-tjsp\/","title":{"rendered":"COMUNICADO DO MINISTRO LEWANDOWSKI SOBRE ATENTADO CONTRA JU\u00cdZA DO TJSP"},"content":{"rendered":"<p>O violento atentado praticado contra a Ju\u00edza Tatiana Moreira Lima \u00e9 motivo da mais profunda consterna\u00e7\u00e3o por parte do Poder Judici\u00e1rio brasileiro, uma vez que exp\u00f5e de maneira expl\u00edcita e cruel a intoler\u00e2ncia e a brutalidade que, seguramente, n\u00e3o fazem parte da cultura e das tradi\u00e7\u00f5es do nosso povo.<\/p>\n<p>O \u00f3dio, o ressentimento e a incompreens\u00e3o n\u00e3o podem ser motivos para se atacar as institui\u00e7\u00f5es da Rep\u00fablica e, especialmente, o Poder Judici\u00e1rio, que sempre garantiu a estabilidade democr\u00e1tica do pa\u00eds, executando com destemor o juramento de fielmente cumprir e fazer cumprir as leis e a Constitui\u00e7\u00e3o da Rep\u00fablica.<\/p>\n<p>Infelizmente, epis\u00f3dios como o ocorrido em uma das maiores capitais do planeta t\u00eam se repetido com maior ou menor gravidade nos quatro cantos do Brasil.<\/p>\n<p>No entanto, podemos assegurar que a magistratura nacional continuar\u00e1 a exercer com coragem e destemor a relevant\u00edssima miss\u00e3o constitucional de garantir a paz social, bem como os direitos e as garantias fundamentais por meio da aplica\u00e7\u00e3o firme das nossas leis e, sobretudo, da Constitui\u00e7\u00e3o Federal.<\/p>\n<p>Por fim, todas as provid\u00eancias pertinentes ser\u00e3o tomadas para garantir a seguran\u00e7a n\u00e3o apenas de magistrados e servidores, como tamb\u00e9m de toda a fam\u00edlia forense, que permanece unida e solid\u00e1ria \u00e0 jovem magistrada paulista, s\u00edmbolo da determina\u00e7\u00e3o e da imparcialidade que caracterizam e distinguem a magistratura nacional.<\/p>\n<p><em>Ministro Ricardo Lewandowski<\/em><br \/>\n<em>Presidente do Supremo Tribunal Federal e do Conselho Nacional de Justi\u00e7a<\/em><\/p>\n<p><em>Desembargador Paulo Dimas de Bellis Mascaretti<\/em><br \/>\n<em>Presidente do Tribunal de Justi\u00e7a de S\u00e3o Paulo<\/em><\/p>\n","protected":false},"excerpt":{"rendered":"<p>O violento atentado praticado contra a Ju\u00edza Tatiana Moreira Lima \u00e9 motivo da mais profunda consterna\u00e7\u00e3o por parte do Poder Judici\u00e1rio brasileiro, uma vez que exp\u00f5e de maneira expl\u00edcita e cruel a intoler\u00e2ncia e a brutalidade que, seguramente, n\u00e3o fazem parte da cultura e das tradi\u00e7\u00f5es do nosso povo. O \u00f3dio, o ressentimento e a incompreens\u00e3o n\u00e3o podem ser motivos [&hellip;]<\/p>\n","protected":false},"author":27,"featured_media":0,"comment_status":"open","ping_status":"closed","sticky":false,"template":"","format":"standard","meta":{"footnotes":""},"categories":[1],"tags":[1572,1576,620,1575,1573,669,1137,1574],"class_list":["post-1417","post","type-post","status-publish","format-standard","hentry","category-sem-categoria","tag-atentado","tag-democratica","tag-estabilidade","tag-intolerancia","tag-juiza","tag-lewandowski","tag-poder-judiciario","tag-tjsp"],"_links":{"self":[{"href":"https:\/\/blogs.correiobraziliense.com.br\/servidor\/wp-json\/wp\/v2\/posts\/1417","targetHints":{"allow":["GET"]}}],"collection":[{"href":"https:\/\/blogs.correiobraziliense.com.br\/servidor\/wp-json\/wp\/v2\/posts"}],"about":[{"href":"https:\/\/blogs.correiobraziliense.com.br\/servidor\/wp-json\/wp\/v2\/types\/post"}],"author":[{"embeddable":true,"href":"https:\/\/blogs.correiobraziliense.com.br\/servidor\/wp-json\/wp\/v2\/users\/27"}],"replies":[{"embeddable":true,"href":"https:\/\/blogs.correiobraziliense.com.br\/servidor\/wp-json\/wp\/v2\/comments?post=1417"}],"version-history":[{"count":1,"href":"https:\/\/blogs.correiobraziliense.com.br\/servidor\/wp-json\/wp\/v2\/posts\/1417\/revisions"}],"predecessor-version":[{"id":1418,"href":"https:\/\/blogs.correiobraziliense.com.br\/servidor\/wp-json\/wp\/v2\/posts\/1417\/revisions\/1418"}],"wp:attachment":[{"href":"https:\/\/blogs.correiobraziliense.com.br\/servidor\/wp-json\/wp\/v2\/media?parent=1417"}],"wp:term":[{"taxonomy":"category","embeddable":true,"href":"https:\/\/blogs.correiobraziliense.com.br\/servidor\/wp-json\/wp\/v2\/categories?post=1417"},{"taxonomy":"post_tag","embeddable":true,"href":"https:\/\/blogs.correiobraziliense.com.br\/servidor\/wp-json\/wp\/v2\/tags?post=1417"}],"curies":[{"name":"wp","href":"https:\/\/api.w.org\/{rel}","templated":true}]}}