{"id":14164,"date":"2019-10-22T11:59:06","date_gmt":"2019-10-22T14:59:06","guid":{"rendered":"https:\/\/blogs.correiobraziliense.com.br\/servidor\/?p=14164"},"modified":"2019-10-22T11:59:06","modified_gmt":"2019-10-22T14:59:06","slug":"enap-principais-desafios-da-governanca-no-setor-publico","status":"publish","type":"post","link":"https:\/\/blogs.correiobraziliense.com.br\/servidor\/enap-principais-desafios-da-governanca-no-setor-publico\/","title":{"rendered":"Enap &#8211; Principais Desafios da Governan\u00e7a no Setor P\u00fablico"},"content":{"rendered":"<p>O ministro ministro Augusto Nardes, do Tribunal de Contas da Uni\u00e3o (TCU), fala sobre o assunto<\/p>\n<p>https:\/\/www.youtube.com\/watch?v=Ke54RwLzHp0&#038;t=50s<\/p>\n<p>&nbsp;<\/p>\n","protected":false},"excerpt":{"rendered":"<p>O ministro ministro Augusto Nardes, do Tribunal de Contas da Uni\u00e3o (TCU), fala sobre o assunto https:\/\/www.youtube.com\/watch?v=Ke54RwLzHp0&#038;t=50s &nbsp;<\/p>\n","protected":false},"author":27,"featured_media":0,"comment_status":"open","ping_status":"closed","sticky":false,"template":"","format":"standard","meta":{"footnotes":""},"categories":[2719],"tags":[16298,1845,308,566,35,1489,635],"class_list":["post-14164","post","type-post","status-publish","format-standard","hentry","category-servidor","tag-augusto-nardes","tag-desafios","tag-enap","tag-governanca","tag-ministro","tag-setor-publico","tag-tcu"],"_links":{"self":[{"href":"https:\/\/blogs.correiobraziliense.com.br\/servidor\/wp-json\/wp\/v2\/posts\/14164","targetHints":{"allow":["GET"]}}],"collection":[{"href":"https:\/\/blogs.correiobraziliense.com.br\/servidor\/wp-json\/wp\/v2\/posts"}],"about":[{"href":"https:\/\/blogs.correiobraziliense.com.br\/servidor\/wp-json\/wp\/v2\/types\/post"}],"author":[{"embeddable":true,"href":"https:\/\/blogs.correiobraziliense.com.br\/servidor\/wp-json\/wp\/v2\/users\/27"}],"replies":[{"embeddable":true,"href":"https:\/\/blogs.correiobraziliense.com.br\/servidor\/wp-json\/wp\/v2\/comments?post=14164"}],"version-history":[{"count":1,"href":"https:\/\/blogs.correiobraziliense.com.br\/servidor\/wp-json\/wp\/v2\/posts\/14164\/revisions"}],"predecessor-version":[{"id":14165,"href":"https:\/\/blogs.correiobraziliense.com.br\/servidor\/wp-json\/wp\/v2\/posts\/14164\/revisions\/14165"}],"wp:attachment":[{"href":"https:\/\/blogs.correiobraziliense.com.br\/servidor\/wp-json\/wp\/v2\/media?parent=14164"}],"wp:term":[{"taxonomy":"category","embeddable":true,"href":"https:\/\/blogs.correiobraziliense.com.br\/servidor\/wp-json\/wp\/v2\/categories?post=14164"},{"taxonomy":"post_tag","embeddable":true,"href":"https:\/\/blogs.correiobraziliense.com.br\/servidor\/wp-json\/wp\/v2\/tags?post=14164"}],"curies":[{"name":"wp","href":"https:\/\/api.w.org\/{rel}","templated":true}]}}