{"id":14144,"date":"2019-10-18T11:58:30","date_gmt":"2019-10-18T14:58:30","guid":{"rendered":"https:\/\/blogs.correiobraziliense.com.br\/servidor\/?p=14144"},"modified":"2019-10-18T11:58:30","modified_gmt":"2019-10-18T14:58:30","slug":"geap-parcela-divida-da-anasps-em-12-meses","status":"publish","type":"post","link":"https:\/\/blogs.correiobraziliense.com.br\/servidor\/geap-parcela-divida-da-anasps-em-12-meses\/","title":{"rendered":"Geap parcela d\u00edvida da Anasps em 12 meses"},"content":{"rendered":"<p><em>Ap\u00f3s a den\u00fancia da\u00a0<a href=\"https:\/\/blogs.correiobraziliense.com.br\/servidor\/anasps-acusa-a-geap-de-grave-erro-por-incompetencia-administrativa\/\">Associa\u00e7\u00e3o Nacional dos Servidores P\u00fablicos, da Previd\u00eancia e da Seguridade Social (Anasps)<\/a>, a Geap Autogest\u00e3o em Sa\u00fade, maior operadora de planos do sa\u00fade dos servidores, autorizou que a\u00a0diferen\u00e7a de 9,76%, n\u00e3o paga entre fevereiro a julho, seja incorporada aos contracheques a partir de novembro. Os assistidos poder\u00e3o optar pelo parcelamento em 12 vezes, sem juros ou corre\u00e7\u00e3o, at\u00e9 5 de novembro de 2019<\/em><\/p>\n<p>Manuel Ricardo Palmeira Lessa, representante da Anasps no Conselho Deliberativo da Geap, foi recebido em audi\u00eancia pelo diretor-executivo da Geap, general Ricardo Marques Figueiredo, O general\u00a0prometeu autorizar o parcelamento em 12 meses da d\u00edvida dos associados da Anasps, relativa \u00e0 diferen\u00e7a de 9,76%, n\u00e3o paga entre fevereiro a julho. O d\u00e9bito ser\u00e1 incorporado aos contracheques dos servidores a partir de novembro. Os assistidos poder\u00e3o optar pelo parcelamento at\u00e9 05 de novembro de 2019, sem juros ou corre\u00e7\u00e3o, em at\u00e9 12 vezes.<\/p>\n<p>De acordo com informa\u00e7\u00f5es da Anasps, a Geap, que n\u00e3o cobrou a a diferen\u00e7a no tempo certo, por motivos de gerenciamento e gest\u00e3o, expediu boletos de pagamento com vencimento em 21 de outubro, &#8220;amea\u00e7ando os participantes de ter seus plano de sa\u00fade suspenso caso n\u00e3o pagassem os boletos&#8221;.\u00a0A Anasps entrou com procedimento judicial, sobre o parcelamento, mas n\u00e3o houve acordo na audi\u00eancia de concilia\u00e7\u00e3o. A Anasps reconheceu a d\u00edvida e insistiu no parcelamento.<\/p>\n<p>No encontro com o general Ricardo Marques de Figueiredo, com o diretor financeiro e com o respons\u00e1vel pelo atendimento, Manuel Ricardo Palmeira Lessa assinalou que as informa\u00e7\u00f5es n\u00e3o chegaram de maneira clara na ponta. Figueiredo explicou que a orienta\u00e7\u00e3o era de atendimento pelo 0800, que recebeu instru\u00e7\u00f5es precisas. Mas Plameira assinalou que\u00a0houve demora no reconhecimento do erro e lembrou a maioria dos assistidos da Anasps tem entre 70 e 80 anos, e n\u00e3o usam meios digitais.<\/p>\n<p>&#8220;Quanto a emiss\u00e3o dos boletos, sem qualquer negocia\u00e7\u00e3o com a Anasps, houve precipita\u00e7\u00e3o na emiss\u00e3o com vencimento em 21 outubro, j\u00e1 que em muitos casos os valores correspondem a percentual\u00a0importante da remunera\u00e7\u00e3o dos assistidos, sem falar que a partir da segunda quinzena, os servidores, que recebem no segundo dia \u00fatil do m\u00eas, j\u00e1 est\u00e3o sem reservas&#8221;, alerta a Anasps.<\/p>\n<p>&nbsp;<\/p>\n","protected":false},"excerpt":{"rendered":"<p>Ap\u00f3s a den\u00fancia da\u00a0Associa\u00e7\u00e3o Nacional dos Servidores P\u00fablicos, da Previd\u00eancia e da Seguridade Social (Anasps), a Geap Autogest\u00e3o em Sa\u00fade, maior operadora de planos do sa\u00fade dos servidores, autorizou que a\u00a0diferen\u00e7a de 9,76%, n\u00e3o paga entre fevereiro a julho, seja incorporada aos contracheques a partir de novembro. Os assistidos poder\u00e3o optar pelo parcelamento em 12 vezes, sem juros ou corre\u00e7\u00e3o, [&hellip;]<\/p>\n","protected":false},"author":27,"featured_media":0,"comment_status":"open","ping_status":"closed","sticky":false,"template":"","format":"standard","meta":{"footnotes":""},"categories":[2719],"tags":[337,2405,1012,2424,759,2576,134,1461,1164,76,1102,6210,667,1054],"class_list":["post-14144","post","type-post","status-publish","format-standard","hentry","category-servidor","tag-anasps","tag-assistidos","tag-boletos","tag-contracheques","tag-correcao","tag-debito","tag-denuncia","tag-divida","tag-funcionalismo","tag-geap","tag-juros","tag-parcela","tag-parcelamento","tag-planos-de-saude"],"_links":{"self":[{"href":"https:\/\/blogs.correiobraziliense.com.br\/servidor\/wp-json\/wp\/v2\/posts\/14144","targetHints":{"allow":["GET"]}}],"collection":[{"href":"https:\/\/blogs.correiobraziliense.com.br\/servidor\/wp-json\/wp\/v2\/posts"}],"about":[{"href":"https:\/\/blogs.correiobraziliense.com.br\/servidor\/wp-json\/wp\/v2\/types\/post"}],"author":[{"embeddable":true,"href":"https:\/\/blogs.correiobraziliense.com.br\/servidor\/wp-json\/wp\/v2\/users\/27"}],"replies":[{"embeddable":true,"href":"https:\/\/blogs.correiobraziliense.com.br\/servidor\/wp-json\/wp\/v2\/comments?post=14144"}],"version-history":[{"count":1,"href":"https:\/\/blogs.correiobraziliense.com.br\/servidor\/wp-json\/wp\/v2\/posts\/14144\/revisions"}],"predecessor-version":[{"id":14145,"href":"https:\/\/blogs.correiobraziliense.com.br\/servidor\/wp-json\/wp\/v2\/posts\/14144\/revisions\/14145"}],"wp:attachment":[{"href":"https:\/\/blogs.correiobraziliense.com.br\/servidor\/wp-json\/wp\/v2\/media?parent=14144"}],"wp:term":[{"taxonomy":"category","embeddable":true,"href":"https:\/\/blogs.correiobraziliense.com.br\/servidor\/wp-json\/wp\/v2\/categories?post=14144"},{"taxonomy":"post_tag","embeddable":true,"href":"https:\/\/blogs.correiobraziliense.com.br\/servidor\/wp-json\/wp\/v2\/tags?post=14144"}],"curies":[{"name":"wp","href":"https:\/\/api.w.org\/{rel}","templated":true}]}}