{"id":14139,"date":"2019-10-17T18:16:09","date_gmt":"2019-10-17T21:16:09","guid":{"rendered":"https:\/\/blogs.correiobraziliense.com.br\/servidor\/?p=14139"},"modified":"2019-10-18T20:16:47","modified_gmt":"2019-10-18T23:16:47","slug":"icmbio-suspende-teletrabalho-e-surpreende-servidores","status":"publish","type":"post","link":"https:\/\/blogs.correiobraziliense.com.br\/servidor\/icmbio-suspende-teletrabalho-e-surpreende-servidores\/","title":{"rendered":"ICMBio suspende teletrabalho e surpreende servidores"},"content":{"rendered":"<p>O presidente do ICMBio,\u00a0Homero de Giorge Cerqueira, determinou a suspens\u00e3o do teletrabalho a partir de amanh\u00e3, sexta-feira, 18 de outubro.<\/p>\n<p>Servidores denunciam que a iniciativa n\u00e3o teve como base um estudo, uma an\u00e1lise. &#8220;Foi sem consultar nem mesmo os coordenadores&#8221;. &#8220;Tenho passagens compradas para um trabalho em outro estado, a partir de s\u00e1bado. Nem sei o que vai ser. Pegou todos de surpresa&#8221;, afirma um servidor.<\/p>\n<p>Veja o aviso:<\/p>\n<p><img loading=\"lazy\" decoding=\"async\" class=\"size-large wp-image-14140 aligncenter\" src=\"https:\/\/blogs.correiobraziliense.com.br\/servidor\/wp-content\/uploads\/sites\/10\/2019\/10\/icambio-1024x576.jpg\" alt=\"\" width=\"1024\" height=\"576\" srcset=\"https:\/\/blogs.correiobraziliense.com.br\/servidor\/wp-content\/uploads\/sites\/10\/2019\/10\/icambio-1024x576.jpg 1024w, https:\/\/blogs.correiobraziliense.com.br\/servidor\/wp-content\/uploads\/sites\/10\/2019\/10\/icambio-300x169.jpg 300w, https:\/\/blogs.correiobraziliense.com.br\/servidor\/wp-content\/uploads\/sites\/10\/2019\/10\/icambio-768x432.jpg 768w, https:\/\/blogs.correiobraziliense.com.br\/servidor\/wp-content\/uploads\/sites\/10\/2019\/10\/icambio-350x197.jpg 350w, https:\/\/blogs.correiobraziliense.com.br\/servidor\/wp-content\/uploads\/sites\/10\/2019\/10\/icambio-550x309.jpg 550w, https:\/\/blogs.correiobraziliense.com.br\/servidor\/wp-content\/uploads\/sites\/10\/2019\/10\/icambio-230x129.jpg 230w, https:\/\/blogs.correiobraziliense.com.br\/servidor\/wp-content\/uploads\/sites\/10\/2019\/10\/icambio.jpg 1152w\" sizes=\"auto, (max-width: 1024px) 100vw, 1024px\" \/><\/p>\n","protected":false},"excerpt":{"rendered":"<p>O presidente do ICMBio,\u00a0Homero de Giorge Cerqueira, determinou a suspens\u00e3o do teletrabalho a partir de amanh\u00e3, sexta-feira, 18 de outubro. Servidores denunciam que a iniciativa n\u00e3o teve como base um estudo, uma an\u00e1lise. &#8220;Foi sem consultar nem mesmo os coordenadores&#8221;. &#8220;Tenho passagens compradas para um trabalho em outro estado, a partir de s\u00e1bado. Nem sei o que vai ser. Pegou [&hellip;]<\/p>\n","protected":false},"author":27,"featured_media":0,"comment_status":"open","ping_status":"closed","sticky":false,"template":"","format":"standard","meta":{"footnotes":""},"categories":[2719],"tags":[12378,81,58,1584],"class_list":["post-14139","post","type-post","status-publish","format-standard","hentry","category-servidor","tag-icmbio","tag-presidente","tag-servidores","tag-teletrabalho"],"_links":{"self":[{"href":"https:\/\/blogs.correiobraziliense.com.br\/servidor\/wp-json\/wp\/v2\/posts\/14139","targetHints":{"allow":["GET"]}}],"collection":[{"href":"https:\/\/blogs.correiobraziliense.com.br\/servidor\/wp-json\/wp\/v2\/posts"}],"about":[{"href":"https:\/\/blogs.correiobraziliense.com.br\/servidor\/wp-json\/wp\/v2\/types\/post"}],"author":[{"embeddable":true,"href":"https:\/\/blogs.correiobraziliense.com.br\/servidor\/wp-json\/wp\/v2\/users\/27"}],"replies":[{"embeddable":true,"href":"https:\/\/blogs.correiobraziliense.com.br\/servidor\/wp-json\/wp\/v2\/comments?post=14139"}],"version-history":[{"count":3,"href":"https:\/\/blogs.correiobraziliense.com.br\/servidor\/wp-json\/wp\/v2\/posts\/14139\/revisions"}],"predecessor-version":[{"id":14161,"href":"https:\/\/blogs.correiobraziliense.com.br\/servidor\/wp-json\/wp\/v2\/posts\/14139\/revisions\/14161"}],"wp:attachment":[{"href":"https:\/\/blogs.correiobraziliense.com.br\/servidor\/wp-json\/wp\/v2\/media?parent=14139"}],"wp:term":[{"taxonomy":"category","embeddable":true,"href":"https:\/\/blogs.correiobraziliense.com.br\/servidor\/wp-json\/wp\/v2\/categories?post=14139"},{"taxonomy":"post_tag","embeddable":true,"href":"https:\/\/blogs.correiobraziliense.com.br\/servidor\/wp-json\/wp\/v2\/tags?post=14139"}],"curies":[{"name":"wp","href":"https:\/\/api.w.org\/{rel}","templated":true}]}}