{"id":14123,"date":"2019-10-17T11:45:43","date_gmt":"2019-10-17T14:45:43","guid":{"rendered":"https:\/\/blogs.correiobraziliense.com.br\/servidor\/?p=14123"},"modified":"2019-10-17T11:47:15","modified_gmt":"2019-10-17T14:47:15","slug":"governo-cria-grupo-para-analisar-beneficios-dos-servidores-da-uniao","status":"publish","type":"post","link":"https:\/\/blogs.correiobraziliense.com.br\/servidor\/governo-cria-grupo-para-analisar-beneficios-dos-servidores-da-uniao\/","title":{"rendered":"Governo cria grupo para analisar benef\u00edcios dos servidores da Uni\u00e3o"},"content":{"rendered":"<p><em>Foi publicada no Di\u00e1rio Oficial da Uni\u00e3o, de ter\u00e7a-feira (15), a portaria n\u00b0 562, do Minist\u00e9rio da Economia, que cria o Grupo de Trabalho (GT) que ir\u00e1 fazer estudos destinados \u00e0 cria\u00e7\u00e3o de \u00f3rg\u00e3o ou entidade gestora \u00fanica do Regime Pr\u00f3prio de Previd\u00eancia Social (RPPS) dos servidores p\u00fablicos civis da Uni\u00e3o<\/em><\/p>\n<p>O grupo ficar\u00e1 respons\u00e1vel por gerenciar a concess\u00e3o, o pagamento e a manuten\u00e7\u00e3o dos benef\u00edcios de aposentadoria devidos aos servidores e de pens\u00e3o por morte dos seus dependentes. O grupo tamb\u00e9m ficar\u00e1 respons\u00e1vel por definir os procedimentos para a avalia\u00e7\u00e3o pericial dos servidores e de seus dependentes.<\/p>\n<p>De acordo com o texto, grupo de trabalho ser\u00e1 formado por um representante titular e os suplentes da Secretaria de Gest\u00e3o e Desempenho de Pessoal, da Secretaria Especial de Desburocratiza\u00e7\u00e3o, Gest\u00e3o e Governo Digital, da Secretaria de Previd\u00eancia, da Secretaria Especial de Previd\u00eancia e Trabalho, da Secretaria de Or\u00e7amento Federal, da Secretaria Especial de Fazenda, da Secretaria do Tesouro Nacional, da Secretaria Especial de Fazenda e do Instituto Nacional do Seguro Social.<\/p>\n<p>O grupo ter\u00e1 o prazo de 90 dias, podendo ser prorrog\u00e1vel, a partir da designa\u00e7\u00e3o de seus membros.<\/p>\n<p><em>Fonte: Anasps Online<\/em><\/p>\n","protected":false},"excerpt":{"rendered":"<p>Foi publicada no Di\u00e1rio Oficial da Uni\u00e3o, de ter\u00e7a-feira (15), a portaria n\u00b0 562, do Minist\u00e9rio da Economia, que cria o Grupo de Trabalho (GT) que ir\u00e1 fazer estudos destinados \u00e0 cria\u00e7\u00e3o de \u00f3rg\u00e3o ou entidade gestora \u00fanica do Regime Pr\u00f3prio de Previd\u00eancia Social (RPPS) dos servidores p\u00fablicos civis da Uni\u00e3o O grupo ficar\u00e1 respons\u00e1vel por gerenciar a concess\u00e3o, o [&hellip;]<\/p>\n","protected":false},"author":27,"featured_media":0,"comment_status":"open","ping_status":"closed","sticky":false,"template":"","format":"standard","meta":{"footnotes":""},"categories":[2719],"tags":[6,852,1035,2319,3309,156,3374,2733,588,58,2979,330],"class_list":["post-14123","post","type-post","status-publish","format-standard","hentry","category-servidor","tag-aposentadoria","tag-beneficios","tag-civis","tag-dependentes","tag-grupo","tag-membros","tag-pensao","tag-pericia","tag-rpps","tag-servidores","tag-titular","tag-uniao"],"_links":{"self":[{"href":"https:\/\/blogs.correiobraziliense.com.br\/servidor\/wp-json\/wp\/v2\/posts\/14123","targetHints":{"allow":["GET"]}}],"collection":[{"href":"https:\/\/blogs.correiobraziliense.com.br\/servidor\/wp-json\/wp\/v2\/posts"}],"about":[{"href":"https:\/\/blogs.correiobraziliense.com.br\/servidor\/wp-json\/wp\/v2\/types\/post"}],"author":[{"embeddable":true,"href":"https:\/\/blogs.correiobraziliense.com.br\/servidor\/wp-json\/wp\/v2\/users\/27"}],"replies":[{"embeddable":true,"href":"https:\/\/blogs.correiobraziliense.com.br\/servidor\/wp-json\/wp\/v2\/comments?post=14123"}],"version-history":[{"count":3,"href":"https:\/\/blogs.correiobraziliense.com.br\/servidor\/wp-json\/wp\/v2\/posts\/14123\/revisions"}],"predecessor-version":[{"id":14126,"href":"https:\/\/blogs.correiobraziliense.com.br\/servidor\/wp-json\/wp\/v2\/posts\/14123\/revisions\/14126"}],"wp:attachment":[{"href":"https:\/\/blogs.correiobraziliense.com.br\/servidor\/wp-json\/wp\/v2\/media?parent=14123"}],"wp:term":[{"taxonomy":"category","embeddable":true,"href":"https:\/\/blogs.correiobraziliense.com.br\/servidor\/wp-json\/wp\/v2\/categories?post=14123"},{"taxonomy":"post_tag","embeddable":true,"href":"https:\/\/blogs.correiobraziliense.com.br\/servidor\/wp-json\/wp\/v2\/tags?post=14123"}],"curies":[{"name":"wp","href":"https:\/\/api.w.org\/{rel}","templated":true}]}}