{"id":14114,"date":"2019-10-16T19:48:08","date_gmt":"2019-10-16T22:48:08","guid":{"rendered":"https:\/\/blogs.correiobraziliense.com.br\/servidor\/?p=14114"},"modified":"2019-10-16T19:48:08","modified_gmt":"2019-10-16T22:48:08","slug":"centrais-sindicais-se-reunem-com-rogerio-marinho-em-sp","status":"publish","type":"post","link":"https:\/\/blogs.correiobraziliense.com.br\/servidor\/centrais-sindicais-se-reunem-com-rogerio-marinho-em-sp\/","title":{"rendered":"Centrais sindicais se re\u00fanem com Rog\u00e9rio Marinho em SP"},"content":{"rendered":"<p><em>Nesta quinta-feira, 17 de outubro, haver\u00e1 uma reuni\u00e3o entre as seis principais centrais sindicais brasileiras (CUT, UGT, FOR\u00c7A SINDICAL, CTB, NCST, CSB) e o governo, representado por Rog\u00e9rio Marinho, secret\u00e1rio especial da Previd\u00eancia Social do Minist\u00e9rio da Economia, e sua equipe<\/em><\/p>\n<p>A reuni\u00e3o ser\u00e1 na sede da UGT, em S\u00e3o Paulo, \u00e0s 14h.\u00a0Ser\u00e3o discutidas as rela\u00e7\u00f5es do mundo do trabalho, tendo como pano de fundo a Revolu\u00e7\u00e3o 4.0.\u00a0A pauta ser\u00e1 consequ\u00eancias da reforma trabalhista (em vigor desde o final de 2017), com a amplia\u00e7\u00e3o em grande escala do trabalho informal; a manuten\u00e7\u00e3o dos mais de 12 milh\u00f5es e 600 mil desempregados e os 5 milh\u00f5es de desalentados (pessoas que desistiram de procurar emprego); a discuss\u00e3o de uma nova plataforma sindical por meio de um conselho com a participa\u00e7\u00e3o de empres\u00e1rios e trabalhadores.<\/p>\n<p><strong>Servi\u00e7o<\/strong><br \/>\nReuni\u00e3o entre centrais sindicais e Rog\u00e9rio Marinho<br \/>\nDia 17 de outubro<br \/>\n\u00c0s 14h<\/p>\n","protected":false},"excerpt":{"rendered":"<p>Nesta quinta-feira, 17 de outubro, haver\u00e1 uma reuni\u00e3o entre as seis principais centrais sindicais brasileiras (CUT, UGT, FOR\u00c7A SINDICAL, CTB, NCST, CSB) e o governo, representado por Rog\u00e9rio Marinho, secret\u00e1rio especial da Previd\u00eancia Social do Minist\u00e9rio da Economia, e sua equipe A reuni\u00e3o ser\u00e1 na sede da UGT, em S\u00e3o Paulo, \u00e0s 14h.\u00a0Ser\u00e3o discutidas as rela\u00e7\u00f5es do mundo do trabalho, [&hellip;]<\/p>\n","protected":false},"author":27,"featured_media":0,"comment_status":"open","ping_status":"closed","sticky":false,"template":"","format":"standard","meta":{"footnotes":""},"categories":[2719],"tags":[1101,15706,5943,4177,98,14327,549,9253,16274,5902,19,261],"class_list":["post-14114","post","type-post","status-publish","format-standard","hentry","category-servidor","tag-centrais-sindicais","tag-desalentados","tag-desempregados","tag-empresarios","tag-governo","tag-ministerio-da-economia","tag-previdencia","tag-reforma-trabalhista","tag-revolucao-4-0","tag-rogerio-marinho","tag-trabalhadores","tag-trabalho"],"_links":{"self":[{"href":"https:\/\/blogs.correiobraziliense.com.br\/servidor\/wp-json\/wp\/v2\/posts\/14114","targetHints":{"allow":["GET"]}}],"collection":[{"href":"https:\/\/blogs.correiobraziliense.com.br\/servidor\/wp-json\/wp\/v2\/posts"}],"about":[{"href":"https:\/\/blogs.correiobraziliense.com.br\/servidor\/wp-json\/wp\/v2\/types\/post"}],"author":[{"embeddable":true,"href":"https:\/\/blogs.correiobraziliense.com.br\/servidor\/wp-json\/wp\/v2\/users\/27"}],"replies":[{"embeddable":true,"href":"https:\/\/blogs.correiobraziliense.com.br\/servidor\/wp-json\/wp\/v2\/comments?post=14114"}],"version-history":[{"count":1,"href":"https:\/\/blogs.correiobraziliense.com.br\/servidor\/wp-json\/wp\/v2\/posts\/14114\/revisions"}],"predecessor-version":[{"id":14115,"href":"https:\/\/blogs.correiobraziliense.com.br\/servidor\/wp-json\/wp\/v2\/posts\/14114\/revisions\/14115"}],"wp:attachment":[{"href":"https:\/\/blogs.correiobraziliense.com.br\/servidor\/wp-json\/wp\/v2\/media?parent=14114"}],"wp:term":[{"taxonomy":"category","embeddable":true,"href":"https:\/\/blogs.correiobraziliense.com.br\/servidor\/wp-json\/wp\/v2\/categories?post=14114"},{"taxonomy":"post_tag","embeddable":true,"href":"https:\/\/blogs.correiobraziliense.com.br\/servidor\/wp-json\/wp\/v2\/tags?post=14114"}],"curies":[{"name":"wp","href":"https:\/\/api.w.org\/{rel}","templated":true}]}}