{"id":14082,"date":"2019-10-14T14:13:40","date_gmt":"2019-10-14T17:13:40","guid":{"rendered":"https:\/\/blogs.correiobraziliense.com.br\/servidor\/?p=14082"},"modified":"2019-10-14T14:28:18","modified_gmt":"2019-10-14T17:28:18","slug":"servidores-sete-mitos-liberais-sobre-o-estado-brasileiro","status":"publish","type":"post","link":"https:\/\/blogs.correiobraziliense.com.br\/servidor\/servidores-sete-mitos-liberais-sobre-o-estado-brasileiro\/","title":{"rendered":"Servidores &#8211; Sete mitos liberais sobre o estado brasileiro"},"content":{"rendered":"<p><em>Estudo feito por v\u00e1rias carreiras de Estado derruba estigmas sobre tamanho, custo e efici\u00eancia da m\u00e1quina p\u00fablica no Brasil. Lan\u00e7amento \u00e9 amanh\u00e3, 15 de novembro<\/em><\/p>\n<p>Quais s\u00e3o, na sua opini\u00e3o, os sete maiores problemas do servi\u00e7o p\u00fablico no Brasil? O custo, o tamanho e a efici\u00eancia est\u00e3o nessa lista? Para desconstruir esses mitos, a Frente Parlamentar Mista em Defesa do Servi\u00e7o P\u00fablico, coordenada pelo deputado Professor Israel (PV-DF), lan\u00e7a nesta ter\u00e7a-feira, 15 de outubro, o estudo \u201cReforma Administrativa do Governo Federal: contornos, mitos e alternativas\u201d. O evento ser\u00e1 realizado a partir das 9h, no Sal\u00e3o Nobre da C\u00e2mara.<\/p>\n<p>Uma semana ap\u00f3s o Banco Mundial recomendar uma reforma administrativa com foco redu\u00e7\u00e3o de custos, a Frente torna p\u00fablico o levantamento, coordenado pelo mestre em Economia Br\u00e1ulio Cerqueira e pelo doutor em Desenvolvimento Jos\u00e9 Celso Cardoso, que traz, a partir de uma an\u00e1lise aprofundada sobre o custo, o tamanho e a efici\u00eancia da m\u00e1quina p\u00fablica no pa\u00eds, um importante contraponto para esse debate.<\/p>\n<p>O coordenador da Frente, deputado federal Professor Israel (PV-DF), esclarece que o objetivo \u00e9 fazer uma discuss\u00e3o equilibrada sobre a reforma, &#8220;longe do clima persecut\u00f3rio&#8221;. &#8220;O corte de gastos n\u00e3o pode ser justificativa para o desmonte do servi\u00e7o p\u00fablico no nosso Pa\u00eds&#8221;, afirma.<\/p>\n<p>OS AUTORES<\/p>\n<p>Br\u00e1ulio Cerqueira \u00e9 Auditor Federal de Finan\u00e7as e Controle e mestre em Economia pela Universidade Estadual de Campinas (Unicamp). Ele tamb\u00e9m \u00e9 autor dos estudos \u201cNove erros da PEC 006\/2019 e alternativas para a economia, o emprego e a Previd\u00eancia\u201d e \u201cPrevid\u00eancia: excluir para crescer ou crescer com inclus\u00e3o\u201d.<\/p>\n<p>Jos\u00e9 Celso Cardoso \u00e9 T\u00e9cnico de Planejamento e Pesquisa do Ipea, doutor em Desenvolvimento pela Universidade Estadual de Campinas (Unicamp) e p\u00f3s-doutor em governo e pol\u00edticas p\u00fablicas pelo IGOP-UAB (Universidade Aut\u00f4noma de Barcelona, Espanha).<\/p>\n","protected":false},"excerpt":{"rendered":"<p>Estudo feito por v\u00e1rias carreiras de Estado derruba estigmas sobre tamanho, custo e efici\u00eancia da m\u00e1quina p\u00fablica no Brasil. Lan\u00e7amento \u00e9 amanh\u00e3, 15 de novembro Quais s\u00e3o, na sua opini\u00e3o, os sete maiores problemas do servi\u00e7o p\u00fablico no Brasil? O custo, o tamanho e a efici\u00eancia est\u00e3o nessa lista? Para desconstruir esses mitos, a Frente Parlamentar Mista em Defesa do [&hellip;]<\/p>\n","protected":false},"author":27,"featured_media":0,"comment_status":"open","ping_status":"closed","sticky":false,"template":"","format":"standard","meta":{"footnotes":""},"categories":[2719],"tags":[164,726,56,14768,7303,13274,15938,58],"class_list":["post-14082","post","type-post","status-publish","format-standard","hentry","category-servidor","tag-brasil","tag-brasileiro","tag-estado","tag-frente-parlamentar-mista-em-defesa-do-servico-publico","tag-liberais","tag-mitos","tag-reforma-administrativa","tag-servidores"],"_links":{"self":[{"href":"https:\/\/blogs.correiobraziliense.com.br\/servidor\/wp-json\/wp\/v2\/posts\/14082","targetHints":{"allow":["GET"]}}],"collection":[{"href":"https:\/\/blogs.correiobraziliense.com.br\/servidor\/wp-json\/wp\/v2\/posts"}],"about":[{"href":"https:\/\/blogs.correiobraziliense.com.br\/servidor\/wp-json\/wp\/v2\/types\/post"}],"author":[{"embeddable":true,"href":"https:\/\/blogs.correiobraziliense.com.br\/servidor\/wp-json\/wp\/v2\/users\/27"}],"replies":[{"embeddable":true,"href":"https:\/\/blogs.correiobraziliense.com.br\/servidor\/wp-json\/wp\/v2\/comments?post=14082"}],"version-history":[{"count":2,"href":"https:\/\/blogs.correiobraziliense.com.br\/servidor\/wp-json\/wp\/v2\/posts\/14082\/revisions"}],"predecessor-version":[{"id":14084,"href":"https:\/\/blogs.correiobraziliense.com.br\/servidor\/wp-json\/wp\/v2\/posts\/14082\/revisions\/14084"}],"wp:attachment":[{"href":"https:\/\/blogs.correiobraziliense.com.br\/servidor\/wp-json\/wp\/v2\/media?parent=14082"}],"wp:term":[{"taxonomy":"category","embeddable":true,"href":"https:\/\/blogs.correiobraziliense.com.br\/servidor\/wp-json\/wp\/v2\/categories?post=14082"},{"taxonomy":"post_tag","embeddable":true,"href":"https:\/\/blogs.correiobraziliense.com.br\/servidor\/wp-json\/wp\/v2\/tags?post=14082"}],"curies":[{"name":"wp","href":"https:\/\/api.w.org\/{rel}","templated":true}]}}