{"id":14078,"date":"2019-10-14T12:41:16","date_gmt":"2019-10-14T15:41:16","guid":{"rendered":"https:\/\/blogs.correiobraziliense.com.br\/servidor\/?p=14078"},"modified":"2019-10-14T12:41:16","modified_gmt":"2019-10-14T15:41:16","slug":"vitoria-para-aposentados-e-pensionistas-das-extintas-varig-e-transbrasil","status":"publish","type":"post","link":"https:\/\/blogs.correiobraziliense.com.br\/servidor\/vitoria-para-aposentados-e-pensionistas-das-extintas-varig-e-transbrasil\/","title":{"rendered":"Vit\u00f3ria para aposentados e pensionistas das extintas Varig e Transbrasil"},"content":{"rendered":"<p><em>A Advocacia-Geral da Uni\u00e3o (AGU) enviou medida execut\u00f3ria de urg\u00eancia para o Tesouro Nacional com a ordem de pagamento para mais de 10 mil idosos que n\u00e3o tinham recebido sequer um centavo no m\u00eas de outubro<\/em><\/p>\n<p>O dinheiro, mais de R$ 50 milh\u00f5es, j\u00e1 est\u00e1 na conta do Instituto Aerus de Seguridade Social.<\/p>\n<p>Veja o detalhamento do documento do pagamento<\/p>\n<p>ORIGEM DOS DADOS<br \/>\nN\u00ba do documento 2019OB802025<\/p>\n<p>Data11\/10\/2019<\/p>\n<p>Descri\u00e7\u00e3o ORDEM BANC\u00c1RIA<\/p>\n<p>Fase PAGAMENTO<\/p>\n<p>Tipo de documento OBC\/OBB PARA TERCEIROS EM OUTROS BANCOS<\/p>\n<p>Valor do documento<br \/>\nR$ 50.862.852,11<\/p>\n<p>Observa\u00e7\u00e3o do documento<\/p>\n<p>PAGAMENTO AO INSTITUTO AERUS REFERENTE A ANTECIPA\u00c7\u00c3O DE TUTELA RECURSAL DOS PLANOS VARIG E TRANSBRASIL, DO M\u00caS DE SETEMBRO\/2019, + A DIFEREN\u00c7A DA FOLHA DE AGOSTO\/2019, RELATIVO CARTA LIQ. 034\/2019, DE 02\/10\/2019, CONFORME DECIS\u00c3O EXARADA PELO DESEMBARGADOR FEDERAL DANIEL PAES RIBEIRO DO TRF DA 1\u00aa REGIAO, NOS AUTOS DA AC\u00c3O CIVIL PUBLICA N\u00ba. 0010295-77.2004.4.01.3400. PROC. SEI 00745.004319\/2019-19<\/p>\n<p>DADOS DO FAVORECIDO<\/p>\n<p>CPF\/CNPJ\/Outros27.901.719\/0001-50<br \/>\nNome<br \/>\nINSTITUTO AERUS DE SEGURIDADE SOCIAL<\/p>\n","protected":false},"excerpt":{"rendered":"<p>A Advocacia-Geral da Uni\u00e3o (AGU) enviou medida execut\u00f3ria de urg\u00eancia para o Tesouro Nacional com a ordem de pagamento para mais de 10 mil idosos que n\u00e3o tinham recebido sequer um centavo no m\u00eas de outubro O dinheiro, mais de R$ 50 milh\u00f5es, j\u00e1 est\u00e1 na conta do Instituto Aerus de Seguridade Social. Veja o detalhamento do documento do pagamento [&hellip;]<\/p>\n","protected":false},"author":27,"featured_media":0,"comment_status":"open","ping_status":"closed","sticky":false,"template":"","format":"standard","meta":{"footnotes":""},"categories":[2719],"tags":[16241,157,345,4236,151,346,953,593,16240,16239],"class_list":["post-14078","post","type-post","status-publish","format-standard","hentry","category-servidor","tag-aerus","tag-agu","tag-aposentados","tag-folha-de-pagamento","tag-pagamento","tag-pensionistas","tag-planos","tag-tesouro-nacional","tag-transbrasil","tag-varig"],"_links":{"self":[{"href":"https:\/\/blogs.correiobraziliense.com.br\/servidor\/wp-json\/wp\/v2\/posts\/14078","targetHints":{"allow":["GET"]}}],"collection":[{"href":"https:\/\/blogs.correiobraziliense.com.br\/servidor\/wp-json\/wp\/v2\/posts"}],"about":[{"href":"https:\/\/blogs.correiobraziliense.com.br\/servidor\/wp-json\/wp\/v2\/types\/post"}],"author":[{"embeddable":true,"href":"https:\/\/blogs.correiobraziliense.com.br\/servidor\/wp-json\/wp\/v2\/users\/27"}],"replies":[{"embeddable":true,"href":"https:\/\/blogs.correiobraziliense.com.br\/servidor\/wp-json\/wp\/v2\/comments?post=14078"}],"version-history":[{"count":1,"href":"https:\/\/blogs.correiobraziliense.com.br\/servidor\/wp-json\/wp\/v2\/posts\/14078\/revisions"}],"predecessor-version":[{"id":14079,"href":"https:\/\/blogs.correiobraziliense.com.br\/servidor\/wp-json\/wp\/v2\/posts\/14078\/revisions\/14079"}],"wp:attachment":[{"href":"https:\/\/blogs.correiobraziliense.com.br\/servidor\/wp-json\/wp\/v2\/media?parent=14078"}],"wp:term":[{"taxonomy":"category","embeddable":true,"href":"https:\/\/blogs.correiobraziliense.com.br\/servidor\/wp-json\/wp\/v2\/categories?post=14078"},{"taxonomy":"post_tag","embeddable":true,"href":"https:\/\/blogs.correiobraziliense.com.br\/servidor\/wp-json\/wp\/v2\/tags?post=14078"}],"curies":[{"name":"wp","href":"https:\/\/api.w.org\/{rel}","templated":true}]}}