{"id":14060,"date":"2019-10-11T12:14:15","date_gmt":"2019-10-11T15:14:15","guid":{"rendered":"https:\/\/blogs.correiobraziliense.com.br\/servidor\/?p=14060"},"modified":"2019-10-11T12:14:15","modified_gmt":"2019-10-11T15:14:15","slug":"o-empregador-pode-restringir-o-uso-do-banheiro-no-ambiente-de-trabalho","status":"publish","type":"post","link":"https:\/\/blogs.correiobraziliense.com.br\/servidor\/o-empregador-pode-restringir-o-uso-do-banheiro-no-ambiente-de-trabalho\/","title":{"rendered":"O empregador pode restringir o uso do banheiro no ambiente de trabalho?"},"content":{"rendered":"<p><em>&#8220;Portanto, o trabalhador deve ficar ciente que o empregador n\u00e3o pode controlar e fiscalizar as suas necessidades, assim como o empregado n\u00e3o pode abusar de seus direitos fazendo da necessidade uma libertinagem&#8221;<\/em><\/p>\n<p><strong><em>Ruslan Stuchi*<\/em><\/strong><\/p>\n<p>Um dos temas mais pol\u00eamicos da rela\u00e7\u00e3o entre patr\u00e3o e empregado \u00e9 a restri\u00e7\u00e3o para o uso do banheiro no ambiente de trabalho. Importante esclarecer que O uso do banheiro \u00e9 livre pelo empregado e o empregador nada pode fazer contra isso, tampouco restringir ou limitar o uso. Tais condutas geram dano moral ao funcion\u00e1rio que ingressa no Judici\u00e1rio.<\/p>\n<p>Vale destacar recente decis\u00e3o do Tribunal Superior do Trabalho (TST) que considerou que a restri\u00e7\u00e3o do uso do banheiro por parte do empregador exorbita os limites de seu poder diretivo e disciplinar em detrimento da satisfa\u00e7\u00e3o das necessidades fisiol\u00f3gicas do empregado e configura les\u00e3o \u00e0 dignidade do funcion\u00e1rio. E condenou uma empresa a pagar indeniza\u00e7\u00e3o de R$ 10 mil a um trabalhador que tinha hor\u00e1rios pr\u00e9-estabelecidos para usar o banheiro.<\/p>\n<p>As indeniza\u00e7\u00f5es por dano moral ser\u00e3o devidas sempre que provado a conduta comissiva ou omissiva do empregador que cause danos a esfera extrapatrimonial do empregado, atingindo em seus direitos da personalidade que s\u00e3o aquelas intrinsecamente ligadas \u00e0 ess\u00eancia do ser humano, previstas no Artigo 5\u00ba da Constitui\u00e7\u00e3o Federal.<\/p>\n<p>Independente da atividade elaborada pelo empregado, o uso do banheiro n\u00e3o pode ser restrito ou controlado e se provado pode, sim, gerar dano moral.<\/p>\n<p>Note-se que devemos analisar caso a caso, aonde a proibi\u00e7\u00e3o de ida ao banheiro, ou limitar tempo \u00e9 um caso de dano moral, diferentemente de solicita\u00e7\u00e3o para ir ao banheiro, aonde a solicita\u00e7\u00e3o pode ser correta para organiza\u00e7\u00e3o de procedimentos da empresa.<\/p>\n<p>\u00c9 v\u00e1lido ressaltar que o bom senso do empregador e do empregado deve ser levado em conta, tendo em vista que muitos empregados abusam de seus direitos, usando da necessidade como m\u00e9todo de fuga do trabalho. E os empregadores usam e abusam de seu poder diretivo para fazer um supercontrole, que muitas vezes passam do normal e acaba prejudicando os funcion\u00e1rios.<\/p>\n<p>Portanto, o trabalhador deve ficar ciente que o empregador n\u00e3o pode controlar e fiscalizar as suas necessidades, assim como o empregado n\u00e3o pode abusar de seus direitos fazendo da necessidade uma libertinagem.<\/p>\n<p><em>*Ruslan Stuchi<\/em>\u00a0&#8211; especialista em Direito de Trabalho e s\u00f3cio do escrit\u00f3rio Stuchi Advogados<\/p>\n","protected":false},"excerpt":{"rendered":"<p>&#8220;Portanto, o trabalhador deve ficar ciente que o empregador n\u00e3o pode controlar e fiscalizar as suas necessidades, assim como o empregado n\u00e3o pode abusar de seus direitos fazendo da necessidade uma libertinagem&#8221; Ruslan Stuchi* Um dos temas mais pol\u00eamicos da rela\u00e7\u00e3o entre patr\u00e3o e empregado \u00e9 a restri\u00e7\u00e3o para o uso do banheiro no ambiente de trabalho. Importante esclarecer que [&hellip;]<\/p>\n","protected":false},"author":27,"featured_media":0,"comment_status":"open","ping_status":"closed","sticky":false,"template":"","format":"standard","meta":{"footnotes":""},"categories":[2719],"tags":[1917,2584,8355,10332,3636,576,1604,6348,5905,1037,64,16243,261,503],"class_list":["post-14060","post","type-post","status-publish","format-standard","hentry","category-servidor","tag-banheiro","tag-constituicao","tag-controlar","tag-dano-moral","tag-disciplinar","tag-empregado","tag-empregador","tag-fiscalizar","tag-funcionario","tag-indenizacao","tag-judiciario","tag-libertinagem","tag-trabalho","tag-tst"],"_links":{"self":[{"href":"https:\/\/blogs.correiobraziliense.com.br\/servidor\/wp-json\/wp\/v2\/posts\/14060","targetHints":{"allow":["GET"]}}],"collection":[{"href":"https:\/\/blogs.correiobraziliense.com.br\/servidor\/wp-json\/wp\/v2\/posts"}],"about":[{"href":"https:\/\/blogs.correiobraziliense.com.br\/servidor\/wp-json\/wp\/v2\/types\/post"}],"author":[{"embeddable":true,"href":"https:\/\/blogs.correiobraziliense.com.br\/servidor\/wp-json\/wp\/v2\/users\/27"}],"replies":[{"embeddable":true,"href":"https:\/\/blogs.correiobraziliense.com.br\/servidor\/wp-json\/wp\/v2\/comments?post=14060"}],"version-history":[{"count":1,"href":"https:\/\/blogs.correiobraziliense.com.br\/servidor\/wp-json\/wp\/v2\/posts\/14060\/revisions"}],"predecessor-version":[{"id":14061,"href":"https:\/\/blogs.correiobraziliense.com.br\/servidor\/wp-json\/wp\/v2\/posts\/14060\/revisions\/14061"}],"wp:attachment":[{"href":"https:\/\/blogs.correiobraziliense.com.br\/servidor\/wp-json\/wp\/v2\/media?parent=14060"}],"wp:term":[{"taxonomy":"category","embeddable":true,"href":"https:\/\/blogs.correiobraziliense.com.br\/servidor\/wp-json\/wp\/v2\/categories?post=14060"},{"taxonomy":"post_tag","embeddable":true,"href":"https:\/\/blogs.correiobraziliense.com.br\/servidor\/wp-json\/wp\/v2\/tags?post=14060"}],"curies":[{"name":"wp","href":"https:\/\/api.w.org\/{rel}","templated":true}]}}