{"id":14045,"date":"2019-10-09T16:16:15","date_gmt":"2019-10-09T19:16:15","guid":{"rendered":"https:\/\/blogs.correiobraziliense.com.br\/servidor\/?p=14045"},"modified":"2019-10-09T16:16:15","modified_gmt":"2019-10-09T19:16:15","slug":"abuso-de-autoridade-associacoes-de-juizes-e-membros-do-mp-falam-sobre-contestacao-da-lei-no-stf","status":"publish","type":"post","link":"https:\/\/blogs.correiobraziliense.com.br\/servidor\/abuso-de-autoridade-associacoes-de-juizes-e-membros-do-mp-falam-sobre-contestacao-da-lei-no-stf\/","title":{"rendered":"Abuso de autoridade: associa\u00e7\u00f5es de ju\u00edzes e membros do MP falam sobre contesta\u00e7\u00e3o da lei no STF"},"content":{"rendered":"<p><span><em>A Frente Associativa da Magistratura e do Minist\u00e9rio P\u00fablico (Frentas) tamb\u00e9m divulgar\u00e1 carta aberta<\/em><br \/>\n<\/span><\/p>\n<p><span>Nesta quinta-feira (10\/10), \u00e0s 9h30, as entidades da Frente Associativa da Magistratura e do Minist\u00e9rio P\u00fablico (Frentas) v\u00e3o explicar detalhes da Lei n\u00ba 13.869\/2019, que trata dos crimes de abuso de autoridade.<br \/>\n<\/span><\/p>\n<p><span>Na ocasi\u00e3o, os dirigentes das associa\u00e7\u00f5es falar\u00e3o sobre a decis\u00e3o de contestar a Lei n\u00ba 13.869\/2019 por meio de A\u00e7\u00f5es Diretas de Inconstitucionalidade (ADIs). O grupo, que congrega mais de 40 mil ju\u00edzes e membros do Minist\u00e9rio P\u00fablico, tamb\u00e9m divulgar\u00e1 uma Carta Aberta para ades\u00e3o da sociedade.<br \/>\n<\/span><\/p>\n<p><span>A Lei n\u00ba 13.869\/2019 foi sancionada, com vetos, no in\u00edcio de setembro pelo presidente da Rep\u00fablica, Jair Bolsonaro. No \u00faltimo dia 24, contudo, as mudan\u00e7as foram derrubadas pelo Congresso Nacional. Os parlamentares restauraram ao texto 15 condutas tipificadas como crime de abuso de autoridade, que preveem a perda de cargo p\u00fablico e at\u00e9 pris\u00e3o de servidores.<br \/>\n<\/span><\/p>\n<p><span><strong>Servi\u00e7o<\/strong>:<br \/>\nO que? Coletiva de imprensa da Frentas sobre a Lei n\u00ba 13.869\/2019<br \/>\nQuando? Dia 10 de outubro, \u00e0s 9h30<br \/>\nOnde? Sede da Anamatra (SHS Qd. 06 Bl. E Conj. A &#8211; Salas 602 a 608 &#8211; Ed. Business Center Park Brasil 21)<br \/>\n<\/span><\/p>\n","protected":false},"excerpt":{"rendered":"<p>A Frente Associativa da Magistratura e do Minist\u00e9rio P\u00fablico (Frentas) tamb\u00e9m divulgar\u00e1 carta aberta Nesta quinta-feira (10\/10), \u00e0s 9h30, as entidades da Frente Associativa da Magistratura e do Minist\u00e9rio P\u00fablico (Frentas) v\u00e3o explicar detalhes da Lei n\u00ba 13.869\/2019, que trata dos crimes de abuso de autoridade. Na ocasi\u00e3o, os dirigentes das associa\u00e7\u00f5es falar\u00e3o sobre a decis\u00e3o de contestar a Lei [&hellip;]<\/p>\n","protected":false},"author":27,"featured_media":0,"comment_status":"open","ping_status":"closed","sticky":false,"template":"","format":"standard","meta":{"footnotes":""},"categories":[2719],"tags":[11465,693,3564,344,16115,621,156,417,853,765,1235,3063],"class_list":["post-14045","post","type-post","status-publish","format-standard","hentry","category-servidor","tag-abuso-de-autoridade","tag-congresso-nacional","tag-frentas","tag-juizes","tag-lei-13-869-2019","tag-magistrados","tag-membros","tag-ministerio-publico","tag-mp","tag-presidencia-da-republica","tag-procuradores","tag-vetos"],"_links":{"self":[{"href":"https:\/\/blogs.correiobraziliense.com.br\/servidor\/wp-json\/wp\/v2\/posts\/14045","targetHints":{"allow":["GET"]}}],"collection":[{"href":"https:\/\/blogs.correiobraziliense.com.br\/servidor\/wp-json\/wp\/v2\/posts"}],"about":[{"href":"https:\/\/blogs.correiobraziliense.com.br\/servidor\/wp-json\/wp\/v2\/types\/post"}],"author":[{"embeddable":true,"href":"https:\/\/blogs.correiobraziliense.com.br\/servidor\/wp-json\/wp\/v2\/users\/27"}],"replies":[{"embeddable":true,"href":"https:\/\/blogs.correiobraziliense.com.br\/servidor\/wp-json\/wp\/v2\/comments?post=14045"}],"version-history":[{"count":1,"href":"https:\/\/blogs.correiobraziliense.com.br\/servidor\/wp-json\/wp\/v2\/posts\/14045\/revisions"}],"predecessor-version":[{"id":14046,"href":"https:\/\/blogs.correiobraziliense.com.br\/servidor\/wp-json\/wp\/v2\/posts\/14045\/revisions\/14046"}],"wp:attachment":[{"href":"https:\/\/blogs.correiobraziliense.com.br\/servidor\/wp-json\/wp\/v2\/media?parent=14045"}],"wp:term":[{"taxonomy":"category","embeddable":true,"href":"https:\/\/blogs.correiobraziliense.com.br\/servidor\/wp-json\/wp\/v2\/categories?post=14045"},{"taxonomy":"post_tag","embeddable":true,"href":"https:\/\/blogs.correiobraziliense.com.br\/servidor\/wp-json\/wp\/v2\/tags?post=14045"}],"curies":[{"name":"wp","href":"https:\/\/api.w.org\/{rel}","templated":true}]}}