{"id":14043,"date":"2019-10-09T14:36:35","date_gmt":"2019-10-09T17:36:35","guid":{"rendered":"https:\/\/blogs.correiobraziliense.com.br\/servidor\/?p=14043"},"modified":"2019-10-09T17:10:21","modified_gmt":"2019-10-09T20:10:21","slug":"fenajufe-questiona-na-justica-correlacao-entre-emendas-milionarias-e-a-votacao-da-reforma-da-previdencia","status":"publish","type":"post","link":"https:\/\/blogs.correiobraziliense.com.br\/servidor\/fenajufe-questiona-na-justica-correlacao-entre-emendas-milionarias-e-a-votacao-da-reforma-da-previdencia\/","title":{"rendered":"Fenajufe questiona na Justi\u00e7a correla\u00e7\u00e3o entre emendas milion\u00e1rias e a vota\u00e7\u00e3o da Reforma da Previd\u00eancia"},"content":{"rendered":"<div><\/div>\n<div>A Federa\u00e7\u00e3o Nacional dos Trabalhadores do Judici\u00e1rio e Minist\u00e9rio P\u00fablico da Uni\u00e3o (Fenajufe) apresentou uma A\u00e7\u00e3o Civil P\u00fablica, na 17\u00aa Vara Federal de Bras\u00edlia, contra a Uni\u00e3o questionando libera\u00e7\u00e3o de emendas parlamentares para a vota\u00e7\u00e3o da Proposta de Emenda Constitucional \u2013 PEC 06\/2019, que prop\u00f5e a Reforma da Previd\u00eancia.<\/div>\n<div><\/div>\n<div>De acordo com Diogo P\u00f3voa, do escrit\u00f3rio Cezar Britto &amp; Advogados Associados e que representa a Fenajufe, a \u201catua\u00e7\u00e3o da administra\u00e7\u00e3o p\u00fablica, ao aprovar emendas parlamentares dentro da reforma da Previd\u00eancia, desrespeitou as normas que regulam as suas atua\u00e7\u00f5es enquanto ente p\u00fablico\u201d.<\/div>\n<div>&#8220;Por meio das emendas parlamentares, \u00e9 not\u00e1vel que o governo federal tenta barganhar, de maneira ilegal e inconstitucional, a fim de conseguir a aprova\u00e7\u00e3o da reforma da Previd\u00eancia. A tentativa configura-se como lesiva \u00e0 cidadania e \u00e0 dignidade dos trabalhadores e trabalhadoras do Brasil, bem como viola os seus direitos fundamentais&#8221;, alerta Diogo.<\/div>\n<div><\/div>\n<div>Segundo o advogado, al\u00e9m de usar as emendas com o objetivo de angariar votos dos parlamentares, \u00e9 claro observar que as mudan\u00e7as trazidas pela PEC n\u00ba 06\/2019 se diferem de todas as demais j\u00e1 realizadas no Brasil desde a Constitui\u00e7\u00e3o Federal de 1988. Diogo P\u00f3voa explica que a reforma proposta pelo governo federal quer promover futuras altera\u00e7\u00f5es no Regime Previdenci\u00e1rio atrav\u00e9s de lei complementar ao inv\u00e9s de emenda constitucional.<\/div>\n<div><\/div>\n<div>\u201cIsso torna a aprova\u00e7\u00e3o de mudan\u00e7as no Sistema Previdenci\u00e1rio muito mais c\u00e9leres com a possibilidade de ado\u00e7\u00e3o de regime de urg\u00eancia na tramita\u00e7\u00e3o da mat\u00e9ria e qu\u00f3rum menos qualificado para uma aprova\u00e7\u00e3o mais f\u00e1cil do texto. Reduzindo desta forma, o papel do parlamento e da sociedade civil na proposi\u00e7\u00e3o de altera\u00e7\u00f5es divergentes do Executivo Federal, colocando o tema quase como de iniciativa privativa do presidente da Rep\u00fablica\u201d.<\/div>\n<div><\/div>\n<div>Fonte: Assessoria de Comunica\u00e7\u00e3o do Escrit\u00f3rio Cezar Britto &amp; Advogados Associados<\/div>\n","protected":false},"excerpt":{"rendered":"<p>A Federa\u00e7\u00e3o Nacional dos Trabalhadores do Judici\u00e1rio e Minist\u00e9rio P\u00fablico da Uni\u00e3o (Fenajufe) apresentou uma A\u00e7\u00e3o Civil P\u00fablica, na 17\u00aa Vara Federal de Bras\u00edlia, contra a Uni\u00e3o questionando libera\u00e7\u00e3o de emendas parlamentares para a vota\u00e7\u00e3o da Proposta de Emenda Constitucional \u2013 PEC 06\/2019, que prop\u00f5e a Reforma da Previd\u00eancia. De acordo com Diogo P\u00f3voa, do escrit\u00f3rio Cezar Britto &amp; Advogados [&hellip;]<\/p>\n","protected":false},"author":27,"featured_media":0,"comment_status":"open","ping_status":"closed","sticky":false,"template":"","format":"standard","meta":{"footnotes":""},"categories":[2719],"tags":[10711,16236,16235,2402,5373,1522,291,928,268,9727],"class_list":["post-14043","post","type-post","status-publish","format-standard","hentry","category-servidor","tag-acao-civil-publica","tag-direitos-fundamentais","tag-elegal","tag-emendas","tag-fenajufe","tag-governo-federal","tag-inconstitucional","tag-normas","tag-parlamentares","tag-reforma-da-previdencia"],"_links":{"self":[{"href":"https:\/\/blogs.correiobraziliense.com.br\/servidor\/wp-json\/wp\/v2\/posts\/14043","targetHints":{"allow":["GET"]}}],"collection":[{"href":"https:\/\/blogs.correiobraziliense.com.br\/servidor\/wp-json\/wp\/v2\/posts"}],"about":[{"href":"https:\/\/blogs.correiobraziliense.com.br\/servidor\/wp-json\/wp\/v2\/types\/post"}],"author":[{"embeddable":true,"href":"https:\/\/blogs.correiobraziliense.com.br\/servidor\/wp-json\/wp\/v2\/users\/27"}],"replies":[{"embeddable":true,"href":"https:\/\/blogs.correiobraziliense.com.br\/servidor\/wp-json\/wp\/v2\/comments?post=14043"}],"version-history":[{"count":2,"href":"https:\/\/blogs.correiobraziliense.com.br\/servidor\/wp-json\/wp\/v2\/posts\/14043\/revisions"}],"predecessor-version":[{"id":14051,"href":"https:\/\/blogs.correiobraziliense.com.br\/servidor\/wp-json\/wp\/v2\/posts\/14043\/revisions\/14051"}],"wp:attachment":[{"href":"https:\/\/blogs.correiobraziliense.com.br\/servidor\/wp-json\/wp\/v2\/media?parent=14043"}],"wp:term":[{"taxonomy":"category","embeddable":true,"href":"https:\/\/blogs.correiobraziliense.com.br\/servidor\/wp-json\/wp\/v2\/categories?post=14043"},{"taxonomy":"post_tag","embeddable":true,"href":"https:\/\/blogs.correiobraziliense.com.br\/servidor\/wp-json\/wp\/v2\/tags?post=14043"}],"curies":[{"name":"wp","href":"https:\/\/api.w.org\/{rel}","templated":true}]}}