{"id":1404,"date":"2016-03-30T14:28:50","date_gmt":"2016-03-30T17:28:50","guid":{"rendered":"https:\/\/blogs.correiobraziliense.com.br\/servidor\/?p=1404"},"modified":"2016-03-30T14:28:50","modified_gmt":"2016-03-30T17:28:50","slug":"sindireceita-discute-amanha-primeira-etapa-da-negociacao-salarial","status":"publish","type":"post","link":"https:\/\/blogs.correiobraziliense.com.br\/servidor\/sindireceita-discute-amanha-primeira-etapa-da-negociacao-salarial\/","title":{"rendered":"SINDIRECEITA DISCUTE AMANH\u00c3 PRIMEIRA ETAPA DA NEGOCIA\u00c7\u00c3O SALARIAL"},"content":{"rendered":"<p>O Sindicato Nacional dos Analistas-Tribut\u00e1rios da Receita Federal (Sindireceita) informou que a Diretoria Executiva Nacional (DEN) convocou a classe para participar, nesta quinta-feira, 31 de mar\u00e7o, da mobiliza\u00e7\u00e3o Dia Nacional do SIM. Ser\u00e3o discutidos os resultados finais do Mapeamento de Processos de Trabalho, resultado da primeira etapa da Negocia\u00e7\u00e3o Salarial, em que foi assinado, no dia 23 de mar\u00e7o, o acordo de reestrutura\u00e7\u00e3o remunerat\u00f3ria.<\/p>\n<p>Na pr\u00f3xima semana a Assembleia Geral Nacional Unificada (AGNU) ser\u00e1 convocada para delibera\u00e7\u00e3o sobre a possibilidade de suspens\u00e3o ou pela continuidade de realiza\u00e7\u00e3o do Dia Nacional do SIM.<\/p>\n","protected":false},"excerpt":{"rendered":"<p>O Sindicato Nacional dos Analistas-Tribut\u00e1rios da Receita Federal (Sindireceita) informou que a Diretoria Executiva Nacional (DEN) convocou a classe para participar, nesta quinta-feira, 31 de mar\u00e7o, da mobiliza\u00e7\u00e3o Dia Nacional do SIM. Ser\u00e3o discutidos os resultados finais do Mapeamento de Processos de Trabalho, resultado da primeira etapa da Negocia\u00e7\u00e3o Salarial, em que foi assinado, no dia 23 de mar\u00e7o, o [&hellip;]<\/p>\n","protected":false},"author":27,"featured_media":0,"comment_status":"open","ping_status":"closed","sticky":false,"template":"","format":"standard","meta":{"footnotes":""},"categories":[1],"tags":[112,1558,193,1556,1557,1555,1376,1559,459],"class_list":["post-1404","post","type-post","status-publish","format-standard","hentry","category-sem-categoria","tag-acordo","tag-assinado","tag-discute","tag-etapa","tag-negociacao-salarial","tag-primeira","tag-reestruturacao","tag-remuneratoria","tag-sindireceita"],"_links":{"self":[{"href":"https:\/\/blogs.correiobraziliense.com.br\/servidor\/wp-json\/wp\/v2\/posts\/1404","targetHints":{"allow":["GET"]}}],"collection":[{"href":"https:\/\/blogs.correiobraziliense.com.br\/servidor\/wp-json\/wp\/v2\/posts"}],"about":[{"href":"https:\/\/blogs.correiobraziliense.com.br\/servidor\/wp-json\/wp\/v2\/types\/post"}],"author":[{"embeddable":true,"href":"https:\/\/blogs.correiobraziliense.com.br\/servidor\/wp-json\/wp\/v2\/users\/27"}],"replies":[{"embeddable":true,"href":"https:\/\/blogs.correiobraziliense.com.br\/servidor\/wp-json\/wp\/v2\/comments?post=1404"}],"version-history":[{"count":1,"href":"https:\/\/blogs.correiobraziliense.com.br\/servidor\/wp-json\/wp\/v2\/posts\/1404\/revisions"}],"predecessor-version":[{"id":1405,"href":"https:\/\/blogs.correiobraziliense.com.br\/servidor\/wp-json\/wp\/v2\/posts\/1404\/revisions\/1405"}],"wp:attachment":[{"href":"https:\/\/blogs.correiobraziliense.com.br\/servidor\/wp-json\/wp\/v2\/media?parent=1404"}],"wp:term":[{"taxonomy":"category","embeddable":true,"href":"https:\/\/blogs.correiobraziliense.com.br\/servidor\/wp-json\/wp\/v2\/categories?post=1404"},{"taxonomy":"post_tag","embeddable":true,"href":"https:\/\/blogs.correiobraziliense.com.br\/servidor\/wp-json\/wp\/v2\/tags?post=1404"}],"curies":[{"name":"wp","href":"https:\/\/api.w.org\/{rel}","templated":true}]}}