{"id":1402,"date":"2016-03-30T14:16:36","date_gmt":"2016-03-30T17:16:36","guid":{"rendered":"https:\/\/blogs.correiobraziliense.com.br\/servidor\/?p=1402"},"modified":"2016-03-30T14:16:36","modified_gmt":"2016-03-30T17:16:36","slug":"sindifisco-se-reune-com-nelson-barbosa-na-segunda-44","status":"publish","type":"post","link":"https:\/\/blogs.correiobraziliense.com.br\/servidor\/sindifisco-se-reune-com-nelson-barbosa-na-segunda-44\/","title":{"rendered":"SINDIFISCO SE RE\u00daNE COM NELSON BARBOSA NA SEGUNDA (4\/4)"},"content":{"rendered":"<p>O Sindicato Nacional dos Auditores Fiscais da Receita Federal (Sindifisco) informou que a Diretoria Executiva Nacional (DEN) recebeu uma solicita\u00e7\u00e3o de reuni\u00e3o com o ministro da Fazenda, Nelson Barbosa, para a pr\u00f3xima segunda-feira (4\/4).<\/p>\n<p>&#8220;Apesar de n\u00e3o constar o assunto no of\u00edcio enviado, informa\u00e7\u00f5es recebidas por meio da administra\u00e7\u00e3o da RFB (Receita Federal do Brasil) revelam que o foco do encontro ser\u00e1 a apresenta\u00e7\u00e3o do RI (Regimento Interno) e o trecho do PL (Projeto de Lei), a ser enviado ao Congresso Nacional, que trata dos itens acordados na pauta n\u00e3o remunerat\u00f3ria da categoria, que ficaram a cargo da Fazenda. O mesmo Projeto de Lei, que deve ser enviado em breve ao parlamento, tamb\u00e9m englobar\u00e1 as quest\u00f5es da pauta remunerat\u00f3ria, essa tratada com o minist\u00e9rio do Planejamento&#8221;, destaca a nota.<\/p>\n","protected":false},"excerpt":{"rendered":"<p>O Sindicato Nacional dos Auditores Fiscais da Receita Federal (Sindifisco) informou que a Diretoria Executiva Nacional (DEN) recebeu uma solicita\u00e7\u00e3o de reuni\u00e3o com o ministro da Fazenda, Nelson Barbosa, para a pr\u00f3xima segunda-feira (4\/4). &#8220;Apesar de n\u00e3o constar o assunto no of\u00edcio enviado, informa\u00e7\u00f5es recebidas por meio da administra\u00e7\u00e3o da RFB (Receita Federal do Brasil) revelam que o foco do [&hellip;]<\/p>\n","protected":false},"author":27,"featured_media":0,"comment_status":"open","ping_status":"closed","sticky":false,"template":"","format":"standard","meta":{"footnotes":""},"categories":[1],"tags":[379,100,528,529,17,1031,293,1553,1554,597],"class_list":["post-1402","post","type-post","status-publish","format-standard","hentry","category-sem-categoria","tag-categoria","tag-congresso","tag-ministro-da-fazenda","tag-nelson-barbosa","tag-pauta","tag-pl","tag-reuniao","tag-rfb","tag-ri","tag-sindifisco"],"_links":{"self":[{"href":"https:\/\/blogs.correiobraziliense.com.br\/servidor\/wp-json\/wp\/v2\/posts\/1402","targetHints":{"allow":["GET"]}}],"collection":[{"href":"https:\/\/blogs.correiobraziliense.com.br\/servidor\/wp-json\/wp\/v2\/posts"}],"about":[{"href":"https:\/\/blogs.correiobraziliense.com.br\/servidor\/wp-json\/wp\/v2\/types\/post"}],"author":[{"embeddable":true,"href":"https:\/\/blogs.correiobraziliense.com.br\/servidor\/wp-json\/wp\/v2\/users\/27"}],"replies":[{"embeddable":true,"href":"https:\/\/blogs.correiobraziliense.com.br\/servidor\/wp-json\/wp\/v2\/comments?post=1402"}],"version-history":[{"count":1,"href":"https:\/\/blogs.correiobraziliense.com.br\/servidor\/wp-json\/wp\/v2\/posts\/1402\/revisions"}],"predecessor-version":[{"id":1403,"href":"https:\/\/blogs.correiobraziliense.com.br\/servidor\/wp-json\/wp\/v2\/posts\/1402\/revisions\/1403"}],"wp:attachment":[{"href":"https:\/\/blogs.correiobraziliense.com.br\/servidor\/wp-json\/wp\/v2\/media?parent=1402"}],"wp:term":[{"taxonomy":"category","embeddable":true,"href":"https:\/\/blogs.correiobraziliense.com.br\/servidor\/wp-json\/wp\/v2\/categories?post=1402"},{"taxonomy":"post_tag","embeddable":true,"href":"https:\/\/blogs.correiobraziliense.com.br\/servidor\/wp-json\/wp\/v2\/tags?post=1402"}],"curies":[{"name":"wp","href":"https:\/\/api.w.org\/{rel}","templated":true}]}}