{"id":14005,"date":"2019-10-04T17:50:46","date_gmt":"2019-10-04T20:50:46","guid":{"rendered":"https:\/\/blogs.correiobraziliense.com.br\/servidor\/?p=14005"},"modified":"2019-10-04T19:04:08","modified_gmt":"2019-10-04T22:04:08","slug":"procurador-que-agrediu-juiza-vai-para-hospital-psiquiatrico","status":"publish","type":"post","link":"https:\/\/blogs.correiobraziliense.com.br\/servidor\/procurador-que-agrediu-juiza-vai-para-hospital-psiquiatrico\/","title":{"rendered":"Procurador que agrediu ju\u00edza vai para hospital psiqui\u00e1trico"},"content":{"rendered":"<p><em>A audi\u00eancia de cust\u00f3dia, na Justi\u00e7a Federal, terminou a poucos minutos.\u00a0O procurador da Fazenda Nacional Matheus Carneiro Assun\u00e7\u00e3o,que tentou matar uma ju\u00edza Loise Filgueiras, na tarde de ontem, na sede do Tribunal Regional Federal da 3\u00aa Regi\u00e3o, na avenida Paulista, foi apresentado \u00e0 ju\u00edza\u00a0federal Andr\u00e9ia Moruzzi. Ela converteu a pris\u00e3o em flagrante em pris\u00e3o preventiva e determinou a interna\u00e7\u00e3o provis\u00f3ria do procurador. Ele foi encaminhado para o Hospital de Cust\u00f3dia e Tratamento Psiqui\u00e1trico Dr. Arnaldo Amado Ferreira, em Taubat\u00e9. <\/em><\/p>\n<p>&nbsp;<\/p>\n","protected":false},"excerpt":{"rendered":"<p>A audi\u00eancia de cust\u00f3dia, na Justi\u00e7a Federal, terminou a poucos minutos.\u00a0O procurador da Fazenda Nacional Matheus Carneiro Assun\u00e7\u00e3o,que tentou matar uma ju\u00edza Loise Filgueiras, na tarde de ontem, na sede do Tribunal Regional Federal da 3\u00aa Regi\u00e3o, na avenida Paulista, foi apresentado \u00e0 ju\u00edza\u00a0federal Andr\u00e9ia Moruzzi. Ela converteu a pris\u00e3o em flagrante em pris\u00e3o preventiva e determinou a interna\u00e7\u00e3o provis\u00f3ria [&hellip;]<\/p>\n","protected":false},"author":27,"featured_media":0,"comment_status":"open","ping_status":"closed","sticky":false,"template":"","format":"standard","meta":{"footnotes":""},"categories":[2719],"tags":[16206,4395,16215,1573,2236,16217,3628,16216],"class_list":["post-14005","post","type-post","status-publish","format-standard","hentry","category-servidor","tag-agrediu","tag-fazenda-nacional","tag-hospital-psiquiatrico","tag-juiza","tag-justica-federal","tag-penitenciaria-do-tremembe","tag-procurador","tag-vara-criminal"],"_links":{"self":[{"href":"https:\/\/blogs.correiobraziliense.com.br\/servidor\/wp-json\/wp\/v2\/posts\/14005","targetHints":{"allow":["GET"]}}],"collection":[{"href":"https:\/\/blogs.correiobraziliense.com.br\/servidor\/wp-json\/wp\/v2\/posts"}],"about":[{"href":"https:\/\/blogs.correiobraziliense.com.br\/servidor\/wp-json\/wp\/v2\/types\/post"}],"author":[{"embeddable":true,"href":"https:\/\/blogs.correiobraziliense.com.br\/servidor\/wp-json\/wp\/v2\/users\/27"}],"replies":[{"embeddable":true,"href":"https:\/\/blogs.correiobraziliense.com.br\/servidor\/wp-json\/wp\/v2\/comments?post=14005"}],"version-history":[{"count":3,"href":"https:\/\/blogs.correiobraziliense.com.br\/servidor\/wp-json\/wp\/v2\/posts\/14005\/revisions"}],"predecessor-version":[{"id":14008,"href":"https:\/\/blogs.correiobraziliense.com.br\/servidor\/wp-json\/wp\/v2\/posts\/14005\/revisions\/14008"}],"wp:attachment":[{"href":"https:\/\/blogs.correiobraziliense.com.br\/servidor\/wp-json\/wp\/v2\/media?parent=14005"}],"wp:term":[{"taxonomy":"category","embeddable":true,"href":"https:\/\/blogs.correiobraziliense.com.br\/servidor\/wp-json\/wp\/v2\/categories?post=14005"},{"taxonomy":"post_tag","embeddable":true,"href":"https:\/\/blogs.correiobraziliense.com.br\/servidor\/wp-json\/wp\/v2\/tags?post=14005"}],"curies":[{"name":"wp","href":"https:\/\/api.w.org\/{rel}","templated":true}]}}