{"id":13991,"date":"2019-10-04T13:25:52","date_gmt":"2019-10-04T16:25:52","guid":{"rendered":"https:\/\/blogs.correiobraziliense.com.br\/servidor\/?p=13991"},"modified":"2019-10-04T13:25:52","modified_gmt":"2019-10-04T16:25:52","slug":"ajufe-nota-publica-sobre-ataque-a-juiza-louise-filgueiras","status":"publish","type":"post","link":"https:\/\/blogs.correiobraziliense.com.br\/servidor\/ajufe-nota-publica-sobre-ataque-a-juiza-louise-filgueiras\/","title":{"rendered":"Ajufe &#8211; Nota p\u00fablica sobre ataque \u00e0 ju\u00edza Louise Filgueiras"},"content":{"rendered":"<p><em>A Associa\u00e7\u00e3o dos Ju\u00edzes Federais (Ajufe) e dos Ju\u00edzes Federais de S\u00e3o Paulo (Ajufesp) chamam a aten\u00e7\u00e3o para a falta de seguran\u00e7a a que s\u00e3o submetidos os magistrados. &#8220;N\u00e3o se justifica, em nenhuma hip\u00f3tese, colocar vidas em risco por motivo de restri\u00e7\u00f5es or\u00e7ament\u00e1rias&#8221;, Destacam, tamb\u00e9m, que &#8220;o\u00a0momento pol\u00edtico em que vivemos, por sua vez, com a interdi\u00e7\u00e3o do di\u00e1logo e a polariza\u00e7\u00e3o ideol\u00f3gica, contribuem para o acirramento dos \u00e2nimos e para o desrespeito crescente \u00e0s institui\u00e7\u00f5es&#8221;<\/em><\/p>\n<p>&#8220;Veja a nota:<\/p>\n<p>A Ajufe e Ajufesp v\u00eam a p\u00fablico manifestar sua indigna\u00e7\u00e3o em face do covarde ataque sofrido pela Ju\u00edza Federal Louise Filgueiras, nas depend\u00eancias do Tribunal Regional Federal da 3a Regi\u00e3o.<\/p>\n<p>A ousadia e a viol\u00eancia do ataque, desferido pelo Procurador da Fazenda Nacional Matheus Carneiro Assun\u00e7\u00e3o, trazem \u00e0 tona grandes preocupa\u00e7\u00f5es e quest\u00f5es relevantes.<\/p>\n<p>A falta de seguran\u00e7a que acomete o of\u00edcio dos Magistrados \u00e9 cr\u00f4nica. N\u00e3o se justifica, em nenhuma hip\u00f3tese, colocar vidas em risco por motivo de restri\u00e7\u00f5es or\u00e7ament\u00e1rias. A seguran\u00e7a, a ser garantida por profissionais devidamente treinados, \u00e9 essencial para o exerc\u00edcio do of\u00edcio judicante. A Magistratura carece de um m\u00ednimo de tranquilidade para trabalhar em paz.<\/p>\n<p>O momento pol\u00edtico em que vivemos, por sua vez, com a interdi\u00e7\u00e3o do di\u00e1logo e a polariza\u00e7\u00e3o ideol\u00f3gica, contribuem para o acirramento dos \u00e2nimos e para o desrespeito crescente \u00e0s institui\u00e7\u00f5es. O Poder Judici\u00e1rio tem sido objeto de ataques vis, que maculam a sua independ\u00eancia e botam em xeque a sua autoridade. Essa quebra de institucionalidade pode causar consequ\u00eancias nefastas para toda a sociedade, autorizando manifesta\u00e7\u00f5es de \u00f3dio que podem resultar em viol\u00eancia de toda a ordem.<\/p>\n<p>Manifestamos nossa irrestrita solidariedade \u00e0 colega e pedimos a apura\u00e7\u00e3o rigorosa dos fatos. A Magistratura Federal exige respeito e seguran\u00e7a para exercer com a necess\u00e1ria independ\u00eancia o seu mister constitucional.&#8221;<\/p>\n","protected":false},"excerpt":{"rendered":"<p>A Associa\u00e7\u00e3o dos Ju\u00edzes Federais (Ajufe) e dos Ju\u00edzes Federais de S\u00e3o Paulo (Ajufesp) chamam a aten\u00e7\u00e3o para a falta de seguran\u00e7a a que s\u00e3o submetidos os magistrados. &#8220;N\u00e3o se justifica, em nenhuma hip\u00f3tese, colocar vidas em risco por motivo de restri\u00e7\u00f5es or\u00e7ament\u00e1rias&#8221;, Destacam, tamb\u00e9m, que &#8220;o\u00a0momento pol\u00edtico em que vivemos, por sua vez, com a interdi\u00e7\u00e3o do di\u00e1logo e [&hellip;]<\/p>\n","protected":false},"author":27,"featured_media":0,"comment_status":"open","ping_status":"closed","sticky":false,"template":"","format":"standard","meta":{"footnotes":""},"categories":[2719],"tags":[16201,1405,16199,16202,2137,5279,1133,2079,1416,1573,16200,621,37,2548,15215,1427,3512,1212,208,6695],"class_list":["post-13991","post","type-post","status-publish","format-standard","hentry","category-servidor","tag-acirramento","tag-ajufe","tag-ajufesp","tag-animos","tag-ataque","tag-desrespeito","tag-dialogo","tag-ideologica","tag-instituicoes","tag-juiza","tag-louise-filgueiras","tag-magistrados","tag-nota","tag-orcamentarias","tag-polarizacao","tag-politico","tag-restricoes","tag-risco","tag-seguranca","tag-vidas"],"_links":{"self":[{"href":"https:\/\/blogs.correiobraziliense.com.br\/servidor\/wp-json\/wp\/v2\/posts\/13991","targetHints":{"allow":["GET"]}}],"collection":[{"href":"https:\/\/blogs.correiobraziliense.com.br\/servidor\/wp-json\/wp\/v2\/posts"}],"about":[{"href":"https:\/\/blogs.correiobraziliense.com.br\/servidor\/wp-json\/wp\/v2\/types\/post"}],"author":[{"embeddable":true,"href":"https:\/\/blogs.correiobraziliense.com.br\/servidor\/wp-json\/wp\/v2\/users\/27"}],"replies":[{"embeddable":true,"href":"https:\/\/blogs.correiobraziliense.com.br\/servidor\/wp-json\/wp\/v2\/comments?post=13991"}],"version-history":[{"count":1,"href":"https:\/\/blogs.correiobraziliense.com.br\/servidor\/wp-json\/wp\/v2\/posts\/13991\/revisions"}],"predecessor-version":[{"id":13992,"href":"https:\/\/blogs.correiobraziliense.com.br\/servidor\/wp-json\/wp\/v2\/posts\/13991\/revisions\/13992"}],"wp:attachment":[{"href":"https:\/\/blogs.correiobraziliense.com.br\/servidor\/wp-json\/wp\/v2\/media?parent=13991"}],"wp:term":[{"taxonomy":"category","embeddable":true,"href":"https:\/\/blogs.correiobraziliense.com.br\/servidor\/wp-json\/wp\/v2\/categories?post=13991"},{"taxonomy":"post_tag","embeddable":true,"href":"https:\/\/blogs.correiobraziliense.com.br\/servidor\/wp-json\/wp\/v2\/tags?post=13991"}],"curies":[{"name":"wp","href":"https:\/\/api.w.org\/{rel}","templated":true}]}}