{"id":13988,"date":"2019-10-04T13:00:13","date_gmt":"2019-10-04T16:00:13","guid":{"rendered":"https:\/\/blogs.correiobraziliense.com.br\/servidor\/?p=13988"},"modified":"2019-10-04T13:00:13","modified_gmt":"2019-10-04T16:00:13","slug":"sinprofaz-agressao-de-procurador-a-juiza-surpreendeu-a-todos-da-carreira","status":"publish","type":"post","link":"https:\/\/blogs.correiobraziliense.com.br\/servidor\/sinprofaz-agressao-de-procurador-a-juiza-surpreendeu-a-todos-da-carreira\/","title":{"rendered":"Sinprofaz &#8211; Agress\u00e3o de procurador \u00e0 ju\u00edza surpreendeu a todos da carreira"},"content":{"rendered":"<p><em>Por meio de nota, o Sindicato Nacional dos Procuradores da Fazenda (Sinprofaz) lamentou o epis\u00f3dio e pediu cautela no aprofundamento das investiga\u00e7\u00f5es, j\u00e1 que o procurador &#8220;aparentava, visivelmente, se encontrar em estado de surto psic\u00f3tico no momento do ato&#8221;<\/em><\/p>\n<p>Veja a nota:<\/p>\n<p>&#8220;O Sinprofaz \u2013 Sindicato Nacional dos Procuradores da Fazenda Nacional \u2013 lamenta profundamente o epis\u00f3dio ocorrido nesta quinta-feira (3), envolvendo o Colega Matheus Carneiro Assun\u00e7\u00e3o, com a pr\u00e1tica de ato direcionado \u00e0 magistrada Louise Filgueiras.<\/p>\n<p>Tal fato surpreende a todos da Carreira e, principalmente, \u00e0queles mais pr\u00f3ximos de Matheus, um profissional dedicado, admirado pelos pares, ingresso na PGFN desde 2008, Mestre e Doutor pela USP, e a quem amigos e colegas de trabalho reiteram estima.<\/p>\n<p>Manifestamos todo o apoio e solidariedade \u00e0 magistrada e \u00e0 sua fam\u00edlia neste momento traum\u00e1tico, ainda mais porque o relacionamento institucional entre Procuradores da Fazenda Nacional e magistrados (assim como demais Fun\u00e7\u00f5es Essenciais \u00e0 Justi\u00e7a) se pauta pela civilidade e respeito rec\u00edprocos.<\/p>\n<p>Diante de tal fato, esperamos cautela no aprofundamento das investiga\u00e7\u00f5es, a fim de esclarecer devidamente as circunst\u00e2ncias do ocorrido e as condi\u00e7\u00f5es pessoais do Procurador Matheus no momento do epis\u00f3dio, conferindo-se a ele o pleno direito ao contradit\u00f3rio e \u00e0 ampla defesa, inclusive em \u00e2mbito administrativo, at\u00e9 porque aparentava, visivelmente, se encontrar em estado de surto psic\u00f3tico no momento do ato.&#8221;<\/p>\n","protected":false},"excerpt":{"rendered":"<p>Por meio de nota, o Sindicato Nacional dos Procuradores da Fazenda (Sinprofaz) lamentou o epis\u00f3dio e pediu cautela no aprofundamento das investiga\u00e7\u00f5es, j\u00e1 que o procurador &#8220;aparentava, visivelmente, se encontrar em estado de surto psic\u00f3tico no momento do ato&#8221; Veja a nota: &#8220;O Sinprofaz \u2013 Sindicato Nacional dos Procuradores da Fazenda Nacional \u2013 lamenta profundamente o epis\u00f3dio ocorrido nesta quinta-feira [&hellip;]<\/p>\n","protected":false},"author":27,"featured_media":0,"comment_status":"open","ping_status":"closed","sticky":false,"template":"","format":"standard","meta":{"footnotes":""},"categories":[2719],"tags":[10798,188,3099,2205,1201,1456,1573,3628,478,2175,16198],"class_list":["post-13988","post","type-post","status-publish","format-standard","hentry","category-servidor","tag-agressao","tag-carreira","tag-cautela","tag-contraditorio","tag-defesa","tag-investigacoes","tag-juiza","tag-procurador","tag-profissional","tag-sinprofaz","tag-surto-psicotico"],"_links":{"self":[{"href":"https:\/\/blogs.correiobraziliense.com.br\/servidor\/wp-json\/wp\/v2\/posts\/13988","targetHints":{"allow":["GET"]}}],"collection":[{"href":"https:\/\/blogs.correiobraziliense.com.br\/servidor\/wp-json\/wp\/v2\/posts"}],"about":[{"href":"https:\/\/blogs.correiobraziliense.com.br\/servidor\/wp-json\/wp\/v2\/types\/post"}],"author":[{"embeddable":true,"href":"https:\/\/blogs.correiobraziliense.com.br\/servidor\/wp-json\/wp\/v2\/users\/27"}],"replies":[{"embeddable":true,"href":"https:\/\/blogs.correiobraziliense.com.br\/servidor\/wp-json\/wp\/v2\/comments?post=13988"}],"version-history":[{"count":1,"href":"https:\/\/blogs.correiobraziliense.com.br\/servidor\/wp-json\/wp\/v2\/posts\/13988\/revisions"}],"predecessor-version":[{"id":13989,"href":"https:\/\/blogs.correiobraziliense.com.br\/servidor\/wp-json\/wp\/v2\/posts\/13988\/revisions\/13989"}],"wp:attachment":[{"href":"https:\/\/blogs.correiobraziliense.com.br\/servidor\/wp-json\/wp\/v2\/media?parent=13988"}],"wp:term":[{"taxonomy":"category","embeddable":true,"href":"https:\/\/blogs.correiobraziliense.com.br\/servidor\/wp-json\/wp\/v2\/categories?post=13988"},{"taxonomy":"post_tag","embeddable":true,"href":"https:\/\/blogs.correiobraziliense.com.br\/servidor\/wp-json\/wp\/v2\/tags?post=13988"}],"curies":[{"name":"wp","href":"https:\/\/api.w.org\/{rel}","templated":true}]}}