{"id":13981,"date":"2019-10-04T12:37:38","date_gmt":"2019-10-04T15:37:38","guid":{"rendered":"https:\/\/blogs.correiobraziliense.com.br\/servidor\/?p=13981"},"modified":"2019-10-04T13:04:02","modified_gmt":"2019-10-04T16:04:02","slug":"procurador-que-esfaqueou-juiza-vai-passar-por-pericia-medica","status":"publish","type":"post","link":"https:\/\/blogs.correiobraziliense.com.br\/servidor\/procurador-que-esfaqueou-juiza-vai-passar-por-pericia-medica\/","title":{"rendered":"Procurador que esfaqueou ju\u00edza vai passar por per\u00edcia m\u00e9dica"},"content":{"rendered":"<p>Por meio de nota, a Advocacia-Geral da Uni\u00e3o (<strong>AGU<\/strong>) informa que, em conjunto com a Procuradoria-Geral da Fazenda Nacional (<strong>PGFN<\/strong>) e o Minist\u00e9rio da Economia, est\u00e1 atuando para que o\u00a0procurador da Fazenda Nacional <strong>Matheus Carneiro Assun\u00e7\u00e3o<\/strong>, <a href=\"https:\/\/www.correiobraziliense.com.br\/app\/noticia\/politica\/2019\/10\/03\/interna_politica,794590\/procurador-tenta-matar-juiza-a-facadas-no-trf-3-agu-se-pronuncia.shtml\">que tentou matar a ju\u00edza <strong>Louise Filgueiras<\/strong>, na sede do Tribunal Regional Federal da 3\u00aa Regi\u00e3o (SP), \u00a0<\/a>seja examinado por uma equipe m\u00e9dica multidisciplinar.<\/p>\n<h2><strong>Veja a nota:<\/strong><\/h2>\n<p><em>&#8220;A Advocacia-Geral da Uni\u00e3o, a Procuradoria-Geral da Fazenda Nacional e o Minist\u00e9rio da Economia atuam, neste momento, para que o procurador da Fazenda Nacional que praticou ato contra magistrada em S\u00e3o Paulo seja submetido imediatamente a uma per\u00edcia m\u00e9dica oficial.<\/em><\/p>\n<p><em>Uma equipe multidisciplinar composta por m\u00e9dico, psic\u00f3logo e assistente social atuar\u00e1 para melhor avaliar a situa\u00e7\u00e3o e prestar todo o apoio necess\u00e1rio ao procurador, familiares e demais colegas. A medida visa preservar a integridade f\u00edsica do procurador e de terceiros, bem como contribuir para os esclarecimentos dos fatos.<\/em><\/p>\n<p><em>A AGU reitera lamentar profundamente o epis\u00f3dio, se solidariza com a magistrada e reafirma seu respeito pelo Poder Judici\u00e1rio.&#8221;<\/em><\/p>\n","protected":false},"excerpt":{"rendered":"<p>Por meio de nota, a Advocacia-Geral da Uni\u00e3o (AGU) informa que, em conjunto com a Procuradoria-Geral da Fazenda Nacional (PGFN) e o Minist\u00e9rio da Economia, est\u00e1 atuando para que o\u00a0procurador da Fazenda Nacional Matheus Carneiro Assun\u00e7\u00e3o, que tentou matar a ju\u00edza Louise Filgueiras, na sede do Tribunal Regional Federal da 3\u00aa Regi\u00e3o (SP), \u00a0seja examinado por uma equipe m\u00e9dica multidisciplinar. [&hellip;]<\/p>\n","protected":false},"author":27,"featured_media":13984,"comment_status":"open","ping_status":"closed","sticky":false,"template":"","format":"standard","meta":{"footnotes":""},"categories":[2719],"tags":[157,16197,4875,1573,6936,7477,14327,284,3628,16196,1673,8774],"class_list":["post-13981","post","type-post","status-publish","format-standard","has-post-thumbnail","hentry","category-servidor","tag-agu","tag-assistente-social","tag-familiares","tag-juiza","tag-magistrada","tag-medico","tag-ministerio-da-economia","tag-pgfn","tag-procurador","tag-psicologo","tag-sao-paulo","tag-trf3"],"_links":{"self":[{"href":"https:\/\/blogs.correiobraziliense.com.br\/servidor\/wp-json\/wp\/v2\/posts\/13981","targetHints":{"allow":["GET"]}}],"collection":[{"href":"https:\/\/blogs.correiobraziliense.com.br\/servidor\/wp-json\/wp\/v2\/posts"}],"about":[{"href":"https:\/\/blogs.correiobraziliense.com.br\/servidor\/wp-json\/wp\/v2\/types\/post"}],"author":[{"embeddable":true,"href":"https:\/\/blogs.correiobraziliense.com.br\/servidor\/wp-json\/wp\/v2\/users\/27"}],"replies":[{"embeddable":true,"href":"https:\/\/blogs.correiobraziliense.com.br\/servidor\/wp-json\/wp\/v2\/comments?post=13981"}],"version-history":[{"count":6,"href":"https:\/\/blogs.correiobraziliense.com.br\/servidor\/wp-json\/wp\/v2\/posts\/13981\/revisions"}],"predecessor-version":[{"id":13990,"href":"https:\/\/blogs.correiobraziliense.com.br\/servidor\/wp-json\/wp\/v2\/posts\/13981\/revisions\/13990"}],"wp:featuredmedia":[{"embeddable":true,"href":"https:\/\/blogs.correiobraziliense.com.br\/servidor\/wp-json\/wp\/v2\/media\/13984"}],"wp:attachment":[{"href":"https:\/\/blogs.correiobraziliense.com.br\/servidor\/wp-json\/wp\/v2\/media?parent=13981"}],"wp:term":[{"taxonomy":"category","embeddable":true,"href":"https:\/\/blogs.correiobraziliense.com.br\/servidor\/wp-json\/wp\/v2\/categories?post=13981"},{"taxonomy":"post_tag","embeddable":true,"href":"https:\/\/blogs.correiobraziliense.com.br\/servidor\/wp-json\/wp\/v2\/tags?post=13981"}],"curies":[{"name":"wp","href":"https:\/\/api.w.org\/{rel}","templated":true}]}}