{"id":1398,"date":"2016-03-30T12:00:06","date_gmt":"2016-03-30T15:00:06","guid":{"rendered":"https:\/\/blogs.correiobraziliense.com.br\/servidor\/?p=1398"},"modified":"2016-03-30T12:00:06","modified_gmt":"2016-03-30T15:00:06","slug":"mp-sobre-auxilio-financeiro-da-uniao-aos-estados-para-exportacoes","status":"publish","type":"post","link":"https:\/\/blogs.correiobraziliense.com.br\/servidor\/mp-sobre-auxilio-financeiro-da-uniao-aos-estados-para-exportacoes\/","title":{"rendered":"MP SOBRE AUX\u00cdLIO FINANCEIRO DA UNI\u00c3O AOS ESTADOS PARA EXPORTA\u00c7\u00d5ES"},"content":{"rendered":"<p><em>Valor do aux\u00edlio ser\u00e1 de R$ 1,95 bilh\u00f5es, em tr\u00eas parcelas, at\u00e9 junho<\/em><\/p>\n<p>O Minist\u00e9rio da Fazenda informou que a Medida Provis\u00f3ria n\u00b0 720, publicada hoje, 30 de mar\u00e7o de 2016, disp\u00f5e sobre a presta\u00e7\u00e3o de aux\u00edlio financeiro pela Uni\u00e3o aos Estados, ao Distrito Federal e aos Munic\u00edpios, relativo ao exerc\u00edcio de 2015, com o objetivo de fomentar as exporta\u00e7\u00f5es do Pa\u00eds.<\/p>\n<p>Esse aux\u00edlio \u00e9 prestado anualmente em decorr\u00eancia da lei Kandir que isentou as exporta\u00e7\u00f5es da incid\u00eancia do ICMS na exporta\u00e7\u00e3o de produtos n\u00e3o industrializados.<\/p>\n<p>O valor total \u00e9 de R$ 1,95 bilh\u00f5ese ser\u00e1 pago em tr\u00eas parcelas iguais at\u00e9 o \u00faltimo dia \u00fatil dos meses de abril, maio e junho.<\/p>\n<p>A distribui\u00e7\u00e3o dos recursos dentre os estados ser\u00e1 feita de acordo com coeficientes individuais de participa\u00e7\u00e3o de cada ente federado definido pelo Conselho Nacional de Pol\u00edtica Fazend\u00e1ria (Confaz), conforme tabela abaixo.<\/p>\n<p>&nbsp;<\/p>\n<p>&nbsp;<\/p>\n<table>\n<tbody>\n<tr>\n<td width=\"178\">ACRE<\/td>\n<td width=\"133\">0,06216%<\/td>\n<\/tr>\n<tr>\n<td width=\"178\">ALAGOAS<\/td>\n<td width=\"133\">0,33681%<\/td>\n<\/tr>\n<tr>\n<td width=\"178\">AMAP\u00c1<\/td>\n<td width=\"133\">0,00000%<\/td>\n<\/tr>\n<tr>\n<td width=\"178\">AMAZONAS<\/td>\n<td width=\"133\">0,97521%<\/td>\n<\/tr>\n<tr>\n<td width=\"178\">BAHIA<\/td>\n<td width=\"133\">2,97966%<\/td>\n<\/tr>\n<tr>\n<td width=\"178\">CEAR\u00c1<\/td>\n<td width=\"133\">0,00736%<\/td>\n<\/tr>\n<tr>\n<td width=\"178\">DISTRITO FEDERAL<\/td>\n<td width=\"133\">0,00000%<\/td>\n<\/tr>\n<tr>\n<td width=\"178\">ESP\u00cdRITO SANTO<\/td>\n<td width=\"133\">5,29790%<\/td>\n<\/tr>\n<tr>\n<td width=\"178\">GOI\u00c1S<\/td>\n<td width=\"133\">7,64254%<\/td>\n<\/tr>\n<tr>\n<td width=\"178\">MARANH\u00c3O<\/td>\n<td width=\"133\">1,28291%<\/td>\n<\/tr>\n<tr>\n<td width=\"178\">MATO GROSSO<\/td>\n<td width=\"133\">21,65700%<\/td>\n<\/tr>\n<tr>\n<td width=\"178\">MATO GROSSO DO SUL<\/td>\n<td width=\"133\">4,34916%<\/td>\n<\/tr>\n<tr>\n<td width=\"178\">MINAS GERAIS<\/td>\n<td width=\"133\">18,38309%<\/td>\n<\/tr>\n<tr>\n<td width=\"178\">PAR\u00c1<\/td>\n<td width=\"133\">10,70703%<\/td>\n<\/tr>\n<tr>\n<td width=\"178\">PARA\u00cdBA<\/td>\n<td width=\"133\">0,14502%<\/td>\n<\/tr>\n<tr>\n<td width=\"178\">PARAN\u00c1<\/td>\n<td width=\"133\">6,89173%<\/td>\n<\/tr>\n<tr>\n<td width=\"178\">PERNAMBUCO<\/td>\n<td width=\"133\">0,00000%<\/td>\n<\/tr>\n<tr>\n<td width=\"178\">PIAU\u00cd<\/td>\n<td width=\"133\">0,18616%<\/td>\n<\/tr>\n<tr>\n<td width=\"178\">RIO DE JANEIRO<\/td>\n<td width=\"133\">4,08796%<\/td>\n<\/tr>\n<tr>\n<td width=\"178\">RIO GRANDE DO NORTE<\/td>\n<td width=\"133\">0,40284%<\/td>\n<\/tr>\n<tr>\n<td width=\"178\">RIO GRANDE DO SUL<\/td>\n<td width=\"133\">8,91951%<\/td>\n<\/tr>\n<tr>\n<td width=\"178\">ROND\u00d4NIA<\/td>\n<td width=\"133\">1,44350%<\/td>\n<\/tr>\n<tr>\n<td width=\"178\">RORAIMA<\/td>\n<td width=\"133\">0,02910%<\/td>\n<\/tr>\n<tr>\n<td width=\"178\">SANTA CATARINA<\/td>\n<td width=\"133\">2,81060%<\/td>\n<\/tr>\n<tr>\n<td width=\"178\">S\u00c3O PAULO<\/td>\n<td width=\"133\">0,00000%<\/td>\n<\/tr>\n<tr>\n<td width=\"178\">SERGIPE<\/td>\n<td width=\"133\">0,18516%<\/td>\n<\/tr>\n<tr>\n<td width=\"178\">TOCANTINS<\/td>\n<td width=\"133\">1,21759%<\/td>\n<\/tr>\n<tr>\n<td width=\"178\">TOTAL<\/td>\n<td width=\"133\">100,00000%<\/td>\n<\/tr>\n<\/tbody>\n<\/table>\n<p>&nbsp;<\/p>\n","protected":false},"excerpt":{"rendered":"<p>Valor do aux\u00edlio ser\u00e1 de R$ 1,95 bilh\u00f5es, em tr\u00eas parcelas, at\u00e9 junho O Minist\u00e9rio da Fazenda informou que a Medida Provis\u00f3ria n\u00b0 720, publicada hoje, 30 de mar\u00e7o de 2016, disp\u00f5e sobre a presta\u00e7\u00e3o de aux\u00edlio financeiro pela Uni\u00e3o aos Estados, ao Distrito Federal e aos Munic\u00edpios, relativo ao exerc\u00edcio de 2015, com o objetivo de fomentar as exporta\u00e7\u00f5es [&hellip;]<\/p>\n","protected":false},"author":27,"featured_media":0,"comment_status":"open","ping_status":"closed","sticky":false,"template":"","format":"standard","meta":{"footnotes":""},"categories":[1],"tags":[1550,943,1552,1551,853,330],"class_list":["post-1398","post","type-post","status-publish","format-standard","hentry","category-sem-categoria","tag-auxilio","tag-estados","tag-exportacoes","tag-financeiro","tag-mp","tag-uniao"],"_links":{"self":[{"href":"https:\/\/blogs.correiobraziliense.com.br\/servidor\/wp-json\/wp\/v2\/posts\/1398","targetHints":{"allow":["GET"]}}],"collection":[{"href":"https:\/\/blogs.correiobraziliense.com.br\/servidor\/wp-json\/wp\/v2\/posts"}],"about":[{"href":"https:\/\/blogs.correiobraziliense.com.br\/servidor\/wp-json\/wp\/v2\/types\/post"}],"author":[{"embeddable":true,"href":"https:\/\/blogs.correiobraziliense.com.br\/servidor\/wp-json\/wp\/v2\/users\/27"}],"replies":[{"embeddable":true,"href":"https:\/\/blogs.correiobraziliense.com.br\/servidor\/wp-json\/wp\/v2\/comments?post=1398"}],"version-history":[{"count":1,"href":"https:\/\/blogs.correiobraziliense.com.br\/servidor\/wp-json\/wp\/v2\/posts\/1398\/revisions"}],"predecessor-version":[{"id":1399,"href":"https:\/\/blogs.correiobraziliense.com.br\/servidor\/wp-json\/wp\/v2\/posts\/1398\/revisions\/1399"}],"wp:attachment":[{"href":"https:\/\/blogs.correiobraziliense.com.br\/servidor\/wp-json\/wp\/v2\/media?parent=1398"}],"wp:term":[{"taxonomy":"category","embeddable":true,"href":"https:\/\/blogs.correiobraziliense.com.br\/servidor\/wp-json\/wp\/v2\/categories?post=1398"},{"taxonomy":"post_tag","embeddable":true,"href":"https:\/\/blogs.correiobraziliense.com.br\/servidor\/wp-json\/wp\/v2\/tags?post=1398"}],"curies":[{"name":"wp","href":"https:\/\/api.w.org\/{rel}","templated":true}]}}