{"id":13949,"date":"2019-10-01T20:08:55","date_gmt":"2019-10-01T23:08:55","guid":{"rendered":"https:\/\/blogs.correiobraziliense.com.br\/servidor\/?p=13949"},"modified":"2019-10-01T20:08:55","modified_gmt":"2019-10-01T23:08:55","slug":"correios-tst-julga-dissidio-de-greve-nesta-quarta-feira-2","status":"publish","type":"post","link":"https:\/\/blogs.correiobraziliense.com.br\/servidor\/correios-tst-julga-dissidio-de-greve-nesta-quarta-feira-2\/","title":{"rendered":"Correios: TST julga diss\u00eddio de greve nesta quarta-feira (2)"},"content":{"rendered":"<p><em>A sess\u00e3o come\u00e7a \u00e0s 14h e ser\u00e1 transmitida ao vivo.<\/em><\/p>\n<p>A Se\u00e7\u00e3o Especializada em Diss\u00eddios Coletivos (SDC) do Tribunal Superior do Trabalho (TST) faz sess\u00e3o extraordin\u00e1ria nesta quarta-feira (2) para julgar a greve dos empregados da Empresa Brasileira de Correios e Tel\u00e9grafos. A sess\u00e3o, com in\u00edcio \u00e0s 14h, ser\u00e1 transmitida ao vivo pelo site e pelo canal do TST no YouTube.<\/p>\n<p>O impasse entre a empresa e as federa\u00e7\u00f5es que representam os empregados teve media\u00e7\u00e3o pr\u00e9-processual, no primeiro semestre, pelo vice-presidente do TST, ministro Renato de Lacerda Paiva. Os principais pontos de conflito s\u00e3o o custeio do plano de sa\u00fade e a manuten\u00e7\u00e3o dos pais como dependentes. Com a rejei\u00e7\u00e3o pela empresa da proposta apresentada pelo ministros, a categoria cruzou os bra\u00e7os em 10 de setembro. Com a paralisa\u00e7\u00e3o, ajuizou o diss\u00eddio coletivo de greve.<\/p>\n<p>Em 12 de setembro, o relator, ministro Mauricio Godinho Delgado, ap\u00f3s se reunir com as partes, prop\u00f4s a suspens\u00e3o da greve e, em contrapartida, a empresa se comprometeu a manter os termos do \u00faltimo Acordo Coletivo de Trabalho (ACT) e do plano de sa\u00fade para os pais dos empregados at\u00e9 o julgamento do diss\u00eddio. No dia 19, as federa\u00e7\u00f5es informaram a aceita\u00e7\u00e3o da proposta.<\/p>\n<p>Processo: DCG-1000662-58.2019.5.00.0000<\/p>\n","protected":false},"excerpt":{"rendered":"<p>A sess\u00e3o come\u00e7a \u00e0s 14h e ser\u00e1 transmitida ao vivo. A Se\u00e7\u00e3o Especializada em Diss\u00eddios Coletivos (SDC) do Tribunal Superior do Trabalho (TST) faz sess\u00e3o extraordin\u00e1ria nesta quarta-feira (2) para julgar a greve dos empregados da Empresa Brasileira de Correios e Tel\u00e9grafos. A sess\u00e3o, com in\u00edcio \u00e0s 14h, ser\u00e1 transmitida ao vivo pelo site e pelo canal do TST no [&hellip;]<\/p>\n","protected":false},"author":27,"featured_media":0,"comment_status":"open","ping_status":"closed","sticky":false,"template":"","format":"standard","meta":{"footnotes":""},"categories":[2719],"tags":[8419,20,236,2319,4762,16038,15,16169,3280,198,2317,5351,16168,503],"class_list":["post-13949","post","type-post","status-publish","format-standard","hentry","category-servidor","tag-conflito","tag-correios","tag-custeio","tag-dependentes","tag-dissidio","tag-ebct","tag-greve","tag-impase","tag-mediacao","tag-pais","tag-plano-de-saude","tag-sdc","tag-sessao-extraordinaria","tag-tst"],"_links":{"self":[{"href":"https:\/\/blogs.correiobraziliense.com.br\/servidor\/wp-json\/wp\/v2\/posts\/13949","targetHints":{"allow":["GET"]}}],"collection":[{"href":"https:\/\/blogs.correiobraziliense.com.br\/servidor\/wp-json\/wp\/v2\/posts"}],"about":[{"href":"https:\/\/blogs.correiobraziliense.com.br\/servidor\/wp-json\/wp\/v2\/types\/post"}],"author":[{"embeddable":true,"href":"https:\/\/blogs.correiobraziliense.com.br\/servidor\/wp-json\/wp\/v2\/users\/27"}],"replies":[{"embeddable":true,"href":"https:\/\/blogs.correiobraziliense.com.br\/servidor\/wp-json\/wp\/v2\/comments?post=13949"}],"version-history":[{"count":1,"href":"https:\/\/blogs.correiobraziliense.com.br\/servidor\/wp-json\/wp\/v2\/posts\/13949\/revisions"}],"predecessor-version":[{"id":13950,"href":"https:\/\/blogs.correiobraziliense.com.br\/servidor\/wp-json\/wp\/v2\/posts\/13949\/revisions\/13950"}],"wp:attachment":[{"href":"https:\/\/blogs.correiobraziliense.com.br\/servidor\/wp-json\/wp\/v2\/media?parent=13949"}],"wp:term":[{"taxonomy":"category","embeddable":true,"href":"https:\/\/blogs.correiobraziliense.com.br\/servidor\/wp-json\/wp\/v2\/categories?post=13949"},{"taxonomy":"post_tag","embeddable":true,"href":"https:\/\/blogs.correiobraziliense.com.br\/servidor\/wp-json\/wp\/v2\/tags?post=13949"}],"curies":[{"name":"wp","href":"https:\/\/api.w.org\/{rel}","templated":true}]}}