{"id":13937,"date":"2019-09-30T19:27:42","date_gmt":"2019-09-30T22:27:42","guid":{"rendered":"https:\/\/blogs.correiobraziliense.com.br\/servidor\/?p=13937"},"modified":"2019-09-30T19:27:42","modified_gmt":"2019-09-30T22:27:42","slug":"tcu-fiscalizacao-agropecuaria-tem-fragilidades-que-colocam-consumidores-em-risco","status":"publish","type":"post","link":"https:\/\/blogs.correiobraziliense.com.br\/servidor\/tcu-fiscalizacao-agropecuaria-tem-fragilidades-que-colocam-consumidores-em-risco\/","title":{"rendered":"TCU &#8211; Fiscaliza\u00e7\u00e3o agropecu\u00e1ria tem fragilidades que colocam consumidores em risco"},"content":{"rendered":"<p><em>A auditoria do Tribunal de Contas da Uni\u00e3o (TCU) constatou que o modelo de fiscaliza\u00e7\u00e3o agropecu\u00e1ria do Minist\u00e9rio da Agricultura, Pecu\u00e1ria e Abastecimento (Mapa) tem fragilidades que podem impactar na idoneidade dos insumos e na seguran\u00e7a higi\u00eanico-sanit\u00e1ria dos produtos aos consumidores finais<\/em><\/p>\n<p>Entre os problemas encontrados est\u00e3o a necessidade de aprimoramento na gest\u00e3o de pessoal, defasagem e fragmenta\u00e7\u00e3o dos sistemas de informa\u00e7\u00e3o, inadequa\u00e7\u00e3o do modelo de inspe\u00e7\u00e3o permanente e necessidade de melhorias no processo administrativo sancionat\u00f3rio (PAS). Tamb\u00e9m foi anotada a defasagem nos valore das multas aplicadas. O valor m\u00e1ximo na pena pecuni\u00e1ria, por exemplo, \u00e9 de R$ 15.648,00, enquanto 73.25% das empresas t\u00eam receita operacional bruta anual acima de R$ 4,8 milh\u00f5es; algumas chegam a faturar bilh\u00f5es de reais.<\/p>\n<p>Parte dessas fragilidades j\u00e1 haviam aparecido em auditorias anteriores do Tribunal e de outros \u00f3rg\u00e3os, como a Pol\u00edcia Federal, na Opera\u00e7\u00e3o Carne Fraca, que apontaram a necessidade de reavalia\u00e7\u00e3o do modelo de fiscaliza\u00e7\u00e3o para se garantir efici\u00eancia, efic\u00e1cia e efetividade nos servi\u00e7os prestados pela Defesa Agropecu\u00e1ria.<\/p>\n<p>\u00d8 Processo: 021.468\/2018-4<\/p>\n<p>\u00d8 Ac\u00f3rd\u00e3o: 2302\/2019<\/p>\n<p>\u00d8 Relator: ministro-substituto Weder de Oliveira<\/p>\n","protected":false},"excerpt":{"rendered":"<p>A auditoria do Tribunal de Contas da Uni\u00e3o (TCU) constatou que o modelo de fiscaliza\u00e7\u00e3o agropecu\u00e1ria do Minist\u00e9rio da Agricultura, Pecu\u00e1ria e Abastecimento (Mapa) tem fragilidades que podem impactar na idoneidade dos insumos e na seguran\u00e7a higi\u00eanico-sanit\u00e1ria dos produtos aos consumidores finais Entre os problemas encontrados est\u00e3o a necessidade de aprimoramento na gest\u00e3o de pessoal, defasagem e fragmenta\u00e7\u00e3o dos sistemas [&hellip;]<\/p>\n","protected":false},"author":27,"featured_media":0,"comment_status":"open","ping_status":"closed","sticky":false,"template":"","format":"standard","meta":{"footnotes":""},"categories":[2719],"tags":[7434,874,940,16151,315,4186,14,1496,1153,1212,635],"class_list":["post-13937","post","type-post","status-publish","format-standard","hentry","category-servidor","tag-agropecuaria","tag-consumidores","tag-fiscalizacao","tag-fragilidades","tag-gestao","tag-inspecao","tag-mapa","tag-multas","tag-pessoal","tag-risco","tag-tcu"],"_links":{"self":[{"href":"https:\/\/blogs.correiobraziliense.com.br\/servidor\/wp-json\/wp\/v2\/posts\/13937","targetHints":{"allow":["GET"]}}],"collection":[{"href":"https:\/\/blogs.correiobraziliense.com.br\/servidor\/wp-json\/wp\/v2\/posts"}],"about":[{"href":"https:\/\/blogs.correiobraziliense.com.br\/servidor\/wp-json\/wp\/v2\/types\/post"}],"author":[{"embeddable":true,"href":"https:\/\/blogs.correiobraziliense.com.br\/servidor\/wp-json\/wp\/v2\/users\/27"}],"replies":[{"embeddable":true,"href":"https:\/\/blogs.correiobraziliense.com.br\/servidor\/wp-json\/wp\/v2\/comments?post=13937"}],"version-history":[{"count":1,"href":"https:\/\/blogs.correiobraziliense.com.br\/servidor\/wp-json\/wp\/v2\/posts\/13937\/revisions"}],"predecessor-version":[{"id":13938,"href":"https:\/\/blogs.correiobraziliense.com.br\/servidor\/wp-json\/wp\/v2\/posts\/13937\/revisions\/13938"}],"wp:attachment":[{"href":"https:\/\/blogs.correiobraziliense.com.br\/servidor\/wp-json\/wp\/v2\/media?parent=13937"}],"wp:term":[{"taxonomy":"category","embeddable":true,"href":"https:\/\/blogs.correiobraziliense.com.br\/servidor\/wp-json\/wp\/v2\/categories?post=13937"},{"taxonomy":"post_tag","embeddable":true,"href":"https:\/\/blogs.correiobraziliense.com.br\/servidor\/wp-json\/wp\/v2\/tags?post=13937"}],"curies":[{"name":"wp","href":"https:\/\/api.w.org\/{rel}","templated":true}]}}