{"id":13935,"date":"2019-09-30T19:21:35","date_gmt":"2019-09-30T22:21:35","guid":{"rendered":"https:\/\/blogs.correiobraziliense.com.br\/servidor\/?p=13935"},"modified":"2019-09-30T19:21:35","modified_gmt":"2019-09-30T22:21:35","slug":"condsef-quer-audiencia-com-ministro-por-protecao-a-servidores-da-area-ambiental","status":"publish","type":"post","link":"https:\/\/blogs.correiobraziliense.com.br\/servidor\/condsef-quer-audiencia-com-ministro-por-protecao-a-servidores-da-area-ambiental\/","title":{"rendered":"Condsef quer audi\u00eancia com ministro por prote\u00e7\u00e3o a servidores da \u00e1rea ambiental"},"content":{"rendered":"<p><em>A Condsef\/Fenadsef vai encaminhar uma solicita\u00e7\u00e3o de audi\u00eancia ao ministro do Meio Ambiente, Ricardo Salles<\/em><\/p>\n<p>O objetivo \u00e9 discutir a seguran\u00e7a e prote\u00e7\u00e3o de servidores da \u00e1rea ambiental que est\u00e3o sendo alvos de diversas amea\u00e7as no exerc\u00edcio de suas fun\u00e7\u00f5es na prote\u00e7\u00e3o ambiental, informa a entidade. &#8220;Reportagem que foi ao ar nesse domingo, 29, no Fant\u00e1stico, registrou uma s\u00e9rie de amea\u00e7as sofridas por agentes do Instituto Chico Mendes (ICMBio) que atuam na regi\u00e3o Amaz\u00f4nica. Al\u00e9m disso, os servidores relatam um problema j\u00e1 denunciado de modo insistente: a aus\u00eancia de servidores suficientes para dar conta dos desafios impostos por uma regi\u00e3o extensa e cheia de riscos&#8221;, assinala a entidade.<\/p>\n<p>&#8220;Uma \u00e1rea com essa precisaria de pelo menos dez servidores fixos na unidade com equipamentos, r\u00e1dio. Hoje somos dois&#8221;, conta Carlos Rangel da Silva, que trabalha como subchefe do Parque de Paca\u00e1s Novos.<\/p>\n","protected":false},"excerpt":{"rendered":"<p>A Condsef\/Fenadsef vai encaminhar uma solicita\u00e7\u00e3o de audi\u00eancia ao ministro do Meio Ambiente, Ricardo Salles O objetivo \u00e9 discutir a seguran\u00e7a e prote\u00e7\u00e3o de servidores da \u00e1rea ambiental que est\u00e3o sendo alvos de diversas amea\u00e7as no exerc\u00edcio de suas fun\u00e7\u00f5es na prote\u00e7\u00e3o ambiental, informa a entidade. &#8220;Reportagem que foi ao ar nesse domingo, 29, no Fant\u00e1stico, registrou uma s\u00e9rie de [&hellip;]<\/p>\n","protected":false},"author":27,"featured_media":0,"comment_status":"open","ping_status":"closed","sticky":false,"template":"","format":"standard","meta":{"footnotes":""},"categories":[2719],"tags":[6379,2553,192,1486,12378,2602,35,2746,58],"class_list":["post-13935","post","type-post","status-publish","format-standard","hentry","category-servidor","tag-amazonia","tag-ameacas","tag-audiencia","tag-condsef","tag-icmbio","tag-meio-ambiente","tag-ministro","tag-protecao","tag-servidores"],"_links":{"self":[{"href":"https:\/\/blogs.correiobraziliense.com.br\/servidor\/wp-json\/wp\/v2\/posts\/13935","targetHints":{"allow":["GET"]}}],"collection":[{"href":"https:\/\/blogs.correiobraziliense.com.br\/servidor\/wp-json\/wp\/v2\/posts"}],"about":[{"href":"https:\/\/blogs.correiobraziliense.com.br\/servidor\/wp-json\/wp\/v2\/types\/post"}],"author":[{"embeddable":true,"href":"https:\/\/blogs.correiobraziliense.com.br\/servidor\/wp-json\/wp\/v2\/users\/27"}],"replies":[{"embeddable":true,"href":"https:\/\/blogs.correiobraziliense.com.br\/servidor\/wp-json\/wp\/v2\/comments?post=13935"}],"version-history":[{"count":1,"href":"https:\/\/blogs.correiobraziliense.com.br\/servidor\/wp-json\/wp\/v2\/posts\/13935\/revisions"}],"predecessor-version":[{"id":13936,"href":"https:\/\/blogs.correiobraziliense.com.br\/servidor\/wp-json\/wp\/v2\/posts\/13935\/revisions\/13936"}],"wp:attachment":[{"href":"https:\/\/blogs.correiobraziliense.com.br\/servidor\/wp-json\/wp\/v2\/media?parent=13935"}],"wp:term":[{"taxonomy":"category","embeddable":true,"href":"https:\/\/blogs.correiobraziliense.com.br\/servidor\/wp-json\/wp\/v2\/categories?post=13935"},{"taxonomy":"post_tag","embeddable":true,"href":"https:\/\/blogs.correiobraziliense.com.br\/servidor\/wp-json\/wp\/v2\/tags?post=13935"}],"curies":[{"name":"wp","href":"https:\/\/api.w.org\/{rel}","templated":true}]}}