{"id":13931,"date":"2019-09-30T19:00:08","date_gmt":"2019-09-30T22:00:08","guid":{"rendered":"https:\/\/blogs.correiobraziliense.com.br\/servidor\/?p=13931"},"modified":"2019-09-30T19:00:08","modified_gmt":"2019-09-30T22:00:08","slug":"servidores-da-area-ambiental-estao-sob-constante-ameaca-denuncia-ascema-nacional","status":"publish","type":"post","link":"https:\/\/blogs.correiobraziliense.com.br\/servidor\/servidores-da-area-ambiental-estao-sob-constante-ameaca-denuncia-ascema-nacional\/","title":{"rendered":"Servidores da \u00e1rea ambiental est\u00e3o sob constante amea\u00e7a, denuncia Ascema Nacional"},"content":{"rendered":"<p><em>A associa\u00e7\u00e3o dos servidores (Ascema Nacional) denuncia que funcion\u00e1rios do Ibama, ICMBio, SFB e MMA pedem socorro. Pedem que todos assinem e divulguem a peti\u00e7\u00e3o no link http:\/\/chng.it\/vZknVB99<\/em><\/p>\n<p>Segundo os trabalhadores, tr\u00eas cartas foram feitas por mais de 1.000 servidores e pela Ascema Nacional com propostas concretas para solucionar a crise socioambiental, mas at\u00e9 agora, quase nada foi feito: http:\/\/www.ascemanacional.org.br\/propostas-dos-servidores-da-area-ambiental-ibama-icmbio-mma-e-sfb-para-solucao-da-crise\/<\/p>\n<p>&#8220;Essas iniciativas e a situa\u00e7\u00e3o das nossas institui\u00e7\u00f5es e dos servidores, especialmente aqueles que atuam na fiscaliza\u00e7\u00e3o dos crimes ambientais na Amaz\u00f4nia, foram objeto de diversas reportagens, a mais recente \u00e9 esta: https:\/\/youtu.be\/a7Ea2ekwOdo&#8221;, aponta.<\/p>\n<p>Ao divulgar a peti\u00e7\u00e3o (http:\/\/chng.it\/vZknVB99), por favor, marque nas suas redes sociais: @change_br e usem #IBAMA #ICMBIO #SFB #MMA #N\u00e3oAoRetrocessoSocioambiental<\/p>\n<p>&nbsp;<\/p>\n","protected":false},"excerpt":{"rendered":"<p>A associa\u00e7\u00e3o dos servidores (Ascema Nacional) denuncia que funcion\u00e1rios do Ibama, ICMBio, SFB e MMA pedem socorro. Pedem que todos assinem e divulguem a peti\u00e7\u00e3o no link http:\/\/chng.it\/vZknVB99 Segundo os trabalhadores, tr\u00eas cartas foram feitas por mais de 1.000 servidores e pela Ascema Nacional com propostas concretas para solucionar a crise socioambiental, mas at\u00e9 agora, quase nada foi feito: http:\/\/www.ascemanacional.org.br\/propostas-dos-servidores-da-area-ambiental-ibama-icmbio-mma-e-sfb-para-solucao-da-crise\/ [&hellip;]<\/p>\n","protected":false},"author":27,"featured_media":0,"comment_status":"open","ping_status":"closed","sticky":false,"template":"","format":"standard","meta":{"footnotes":""},"categories":[2719],"tags":[6379,327,15658,15001,1642,366,134,940,2724,54,58,7998],"class_list":["post-13931","post","type-post","status-publish","format-standard","hentry","category-servidor","tag-amazonia","tag-ameaca","tag-area-ambiental","tag-ascema-nacional","tag-crimes","tag-crise","tag-denuncia","tag-fiscalizacao","tag-peticao","tag-proposta","tag-servidores","tag-socioambiental"],"_links":{"self":[{"href":"https:\/\/blogs.correiobraziliense.com.br\/servidor\/wp-json\/wp\/v2\/posts\/13931","targetHints":{"allow":["GET"]}}],"collection":[{"href":"https:\/\/blogs.correiobraziliense.com.br\/servidor\/wp-json\/wp\/v2\/posts"}],"about":[{"href":"https:\/\/blogs.correiobraziliense.com.br\/servidor\/wp-json\/wp\/v2\/types\/post"}],"author":[{"embeddable":true,"href":"https:\/\/blogs.correiobraziliense.com.br\/servidor\/wp-json\/wp\/v2\/users\/27"}],"replies":[{"embeddable":true,"href":"https:\/\/blogs.correiobraziliense.com.br\/servidor\/wp-json\/wp\/v2\/comments?post=13931"}],"version-history":[{"count":1,"href":"https:\/\/blogs.correiobraziliense.com.br\/servidor\/wp-json\/wp\/v2\/posts\/13931\/revisions"}],"predecessor-version":[{"id":13932,"href":"https:\/\/blogs.correiobraziliense.com.br\/servidor\/wp-json\/wp\/v2\/posts\/13931\/revisions\/13932"}],"wp:attachment":[{"href":"https:\/\/blogs.correiobraziliense.com.br\/servidor\/wp-json\/wp\/v2\/media?parent=13931"}],"wp:term":[{"taxonomy":"category","embeddable":true,"href":"https:\/\/blogs.correiobraziliense.com.br\/servidor\/wp-json\/wp\/v2\/categories?post=13931"},{"taxonomy":"post_tag","embeddable":true,"href":"https:\/\/blogs.correiobraziliense.com.br\/servidor\/wp-json\/wp\/v2\/tags?post=13931"}],"curies":[{"name":"wp","href":"https:\/\/api.w.org\/{rel}","templated":true}]}}