{"id":13913,"date":"2019-09-30T10:28:40","date_gmt":"2019-09-30T13:28:40","guid":{"rendered":"https:\/\/blogs.correiobraziliense.com.br\/servidor\/?p=13913"},"modified":"2019-09-30T10:28:40","modified_gmt":"2019-09-30T13:28:40","slug":"anafisco-questiona-lei-de-abuso-de-autoridade-no-stf","status":"publish","type":"post","link":"https:\/\/blogs.correiobraziliense.com.br\/servidor\/anafisco-questiona-lei-de-abuso-de-autoridade-no-stf\/","title":{"rendered":"Anafisco questiona Lei de Abuso de Autoridade no STF"},"content":{"rendered":"<p><em>A Associa\u00e7\u00e3o Nacional dos Auditores Fiscais de Tributos dos Munic\u00edpios e do Distrito Federal (Anafisco), por meio do Escrit\u00f3rio Farag Advogados Associados, ingressou com A\u00e7\u00e3o Direta de Inconstitucionalidade (ADI) questionando os artigos 27, 29 e 31, da Lei 13.869\/2019, Lei de Abuso de Autoridade.<\/em><\/p>\n<p>Por meio de nota, a entidade informou que entende que a norma coloca obst\u00e1culos para o exerc\u00edcio pleno das atividades relacionadas \u00e0s Administra\u00e7\u00f5es Tribut\u00e1rias e seus agentes fiscais, &#8220;tendo em vista que os mencionados dispositivos criminalizam a autua\u00e7\u00e3o legal por parte das autoridades respons\u00e1veis pela fiscaliza\u00e7\u00e3o, auditoria e constitui\u00e7\u00e3o do cr\u00e9dito tribut\u00e1rio&#8221;.<\/p>\n<p>Ademais, \u00e9 apontado na A\u00e7\u00e3o que h\u00e1 colis\u00e3o de princ\u00edpios constitucionais sens\u00edveis quanto \u00e0 administra\u00e7\u00e3o p\u00fablica tribut\u00e1ria, o que torna necess\u00e1rio a an\u00e1lise dos dispositivos questionados no campo da razoabilidade e proporcionalidade para que haja intera\u00e7\u00e3o com os demais normativos.<\/p>\n<p>Segundo C\u00e1ssio Vieira, Presidente da Anafisco, &#8220;a Lei poder\u00e1 mitigar a atua\u00e7\u00e3o dos Auditores Fiscais Tribut\u00e1rios, que s\u00e3o os guardi\u00f5es das receitas p\u00fablicas. Esses profissionais pertencem aos quadros de carreira t\u00edpica de Estado, sendo essencial ao seu funcionamento, consoante o disposto no artigo no 37, XXII da Constitui\u00e7\u00e3o Federal. Comprometer o seu trabalho no combate \u00e0 sonega\u00e7\u00e3o de tributos, poder\u00e1 trazer graves preju\u00edzos financeiros aos entes p\u00fablicos, al\u00e9m de afetar o equil\u00edbrio no ambiente concorrencial entre as empresas.&#8221;<\/p>\n<p>A A\u00e7\u00e3o Direta de Inconstitucionalidade foi distribu\u00edda ao ministro Celso de Mello, com o n\u00famero 6234, para an\u00e1lise do pedido liminar.<\/p>\n","protected":false},"excerpt":{"rendered":"<p>A Associa\u00e7\u00e3o Nacional dos Auditores Fiscais de Tributos dos Munic\u00edpios e do Distrito Federal (Anafisco), por meio do Escrit\u00f3rio Farag Advogados Associados, ingressou com A\u00e7\u00e3o Direta de Inconstitucionalidade (ADI) questionando os artigos 27, 29 e 31, da Lei 13.869\/2019, Lei de Abuso de Autoridade. Por meio de nota, a entidade informou que entende que a norma coloca obst\u00e1culos para o [&hellip;]<\/p>\n","protected":false},"author":27,"featured_media":0,"comment_status":"open","ping_status":"closed","sticky":false,"template":"","format":"standard","meta":{"footnotes":""},"categories":[2719],"tags":[16130,16128,463,3222,188,2584,1767,16129,15936,326,34],"class_list":["post-13913","post","type-post","status-publish","format-standard","hentry","category-servidor","tag-administracoes-tributarias","tag-anafisco","tag-atividades","tag-auditoria","tag-carreira","tag-constituicao","tag-credito","tag-lei-13-869-19","tag-lei-de-abuso-de-autoridade","tag-receitas","tag-stf"],"_links":{"self":[{"href":"https:\/\/blogs.correiobraziliense.com.br\/servidor\/wp-json\/wp\/v2\/posts\/13913","targetHints":{"allow":["GET"]}}],"collection":[{"href":"https:\/\/blogs.correiobraziliense.com.br\/servidor\/wp-json\/wp\/v2\/posts"}],"about":[{"href":"https:\/\/blogs.correiobraziliense.com.br\/servidor\/wp-json\/wp\/v2\/types\/post"}],"author":[{"embeddable":true,"href":"https:\/\/blogs.correiobraziliense.com.br\/servidor\/wp-json\/wp\/v2\/users\/27"}],"replies":[{"embeddable":true,"href":"https:\/\/blogs.correiobraziliense.com.br\/servidor\/wp-json\/wp\/v2\/comments?post=13913"}],"version-history":[{"count":1,"href":"https:\/\/blogs.correiobraziliense.com.br\/servidor\/wp-json\/wp\/v2\/posts\/13913\/revisions"}],"predecessor-version":[{"id":13914,"href":"https:\/\/blogs.correiobraziliense.com.br\/servidor\/wp-json\/wp\/v2\/posts\/13913\/revisions\/13914"}],"wp:attachment":[{"href":"https:\/\/blogs.correiobraziliense.com.br\/servidor\/wp-json\/wp\/v2\/media?parent=13913"}],"wp:term":[{"taxonomy":"category","embeddable":true,"href":"https:\/\/blogs.correiobraziliense.com.br\/servidor\/wp-json\/wp\/v2\/categories?post=13913"},{"taxonomy":"post_tag","embeddable":true,"href":"https:\/\/blogs.correiobraziliense.com.br\/servidor\/wp-json\/wp\/v2\/tags?post=13913"}],"curies":[{"name":"wp","href":"https:\/\/api.w.org\/{rel}","templated":true}]}}