{"id":13910,"date":"2019-09-27T12:22:13","date_gmt":"2019-09-27T15:22:13","guid":{"rendered":"https:\/\/blogs.correiobraziliense.com.br\/servidor\/?p=13910"},"modified":"2019-09-27T12:22:13","modified_gmt":"2019-09-27T15:22:13","slug":"guia-previc-melhores-praticas-de-investimentos","status":"publish","type":"post","link":"https:\/\/blogs.correiobraziliense.com.br\/servidor\/guia-previc-melhores-praticas-de-investimentos\/","title":{"rendered":"Guia Previc Melhores Pr\u00e1ticas de Investimentos"},"content":{"rendered":"<p>A Superintend\u00eancia Nacional de Previd\u00eancia Complementar (Previc) publicou a atualiza\u00e7\u00e3o do <a href=\"http:\/\/www.previc.gov.br\/central-de-conteudos\/publicacoes\/guias-de-melhores-praticas\/guia-de-investimento.pdf\/view\">\u201cGuia de Melhores Pr\u00e1ticas de Investimentos\u201d<\/a>, com a novidade de uma se\u00e7\u00e3o espec\u00edfica sobre diretrizes ambientais, sociais e de governan\u00e7a na gest\u00e3o de investimentos<\/p>\n<p><img loading=\"lazy\" decoding=\"async\" class=\"size-full wp-image-13911 alignleft\" src=\"https:\/\/blogs.correiobraziliense.com.br\/servidor\/wp-content\/uploads\/sites\/10\/2019\/09\/image0032.jpg\" alt=\"\" width=\"510\" height=\"344\" srcset=\"https:\/\/blogs.correiobraziliense.com.br\/servidor\/wp-content\/uploads\/sites\/10\/2019\/09\/image0032.jpg 510w, https:\/\/blogs.correiobraziliense.com.br\/servidor\/wp-content\/uploads\/sites\/10\/2019\/09\/image0032-300x202.jpg 300w, https:\/\/blogs.correiobraziliense.com.br\/servidor\/wp-content\/uploads\/sites\/10\/2019\/09\/image0032-350x236.jpg 350w, https:\/\/blogs.correiobraziliense.com.br\/servidor\/wp-content\/uploads\/sites\/10\/2019\/09\/image0032-230x155.jpg 230w\" sizes=\"auto, (max-width: 510px) 100vw, 510px\" \/><\/p>\n<p>A atualiza\u00e7\u00e3o foi necess\u00e1ria, de acordo com a Previc, &#8220;em fun\u00e7\u00e3o dos aperfei\u00e7oamentos nas regulamenta\u00e7\u00f5es do setor, em especial nos normativos de investimentos, cujo o grande marco se deu com a Resolu\u00e7\u00e3o do Conselho Monet\u00e1rio Nacional n\u00ba 4.661, de 25 de maio de 2018, e as Instru\u00e7\u00f5es Previc n\u00ba 6\/2018 e n\u00ba 12\/2019&#8221;.<\/p>\n<p>O Guia traz como novidade, destaca a Superintend\u00eancia, uma se\u00e7\u00e3o espec\u00edfica para abordar Diretrizes ambientais, sociais e de governan\u00e7a (ASG) na gest\u00e3o de investimentos.<\/p>\n<p>&#8220;Essa medida faz parte da iniciativa de &#8216;ampliar aproxima\u00e7\u00e3o com organismos internacionais relacionados \u00e0 previd\u00eancia e aos fundos de pens\u00e3o&#8217; do <a href=\"http:\/\/www.previc.gov.br\/acesso-a-informacao\/acoes-e-programas\/planejamento-estrategico\/plano-de-acao-previc-2017-2018.pdf\/view\">Plano de A\u00e7\u00e3o 2018-2019<\/a> da Previc&#8221;, informa.<\/p>\n<p>&nbsp;<\/p>\n","protected":false},"excerpt":{"rendered":"<p>A Superintend\u00eancia Nacional de Previd\u00eancia Complementar (Previc) publicou a atualiza\u00e7\u00e3o do \u201cGuia de Melhores Pr\u00e1ticas de Investimentos\u201d, com a novidade de uma se\u00e7\u00e3o espec\u00edfica sobre diretrizes ambientais, sociais e de governan\u00e7a na gest\u00e3o de investimentos A atualiza\u00e7\u00e3o foi necess\u00e1ria, de acordo com a Previc, &#8220;em fun\u00e7\u00e3o dos aperfei\u00e7oamentos nas regulamenta\u00e7\u00f5es do setor, em especial nos normativos de investimentos, cujo o [&hellip;]<\/p>\n","protected":false},"author":27,"featured_media":0,"comment_status":"open","ping_status":"closed","sticky":false,"template":"","format":"standard","meta":{"footnotes":""},"categories":[2719],"tags":[1113,4435,4896,153,315,566,8934,1008,16127,4978,549,707],"class_list":["post-13910","post","type-post","status-publish","format-standard","hentry","category-servidor","tag-ambientais","tag-aperfeicoamento","tag-diretrizes","tag-fundos-de-pensao","tag-gestao","tag-governanca","tag-guia","tag-investimentos","tag-melhores-praticas","tag-previc","tag-previdencia","tag-sociais"],"_links":{"self":[{"href":"https:\/\/blogs.correiobraziliense.com.br\/servidor\/wp-json\/wp\/v2\/posts\/13910","targetHints":{"allow":["GET"]}}],"collection":[{"href":"https:\/\/blogs.correiobraziliense.com.br\/servidor\/wp-json\/wp\/v2\/posts"}],"about":[{"href":"https:\/\/blogs.correiobraziliense.com.br\/servidor\/wp-json\/wp\/v2\/types\/post"}],"author":[{"embeddable":true,"href":"https:\/\/blogs.correiobraziliense.com.br\/servidor\/wp-json\/wp\/v2\/users\/27"}],"replies":[{"embeddable":true,"href":"https:\/\/blogs.correiobraziliense.com.br\/servidor\/wp-json\/wp\/v2\/comments?post=13910"}],"version-history":[{"count":1,"href":"https:\/\/blogs.correiobraziliense.com.br\/servidor\/wp-json\/wp\/v2\/posts\/13910\/revisions"}],"predecessor-version":[{"id":13912,"href":"https:\/\/blogs.correiobraziliense.com.br\/servidor\/wp-json\/wp\/v2\/posts\/13910\/revisions\/13912"}],"wp:attachment":[{"href":"https:\/\/blogs.correiobraziliense.com.br\/servidor\/wp-json\/wp\/v2\/media?parent=13910"}],"wp:term":[{"taxonomy":"category","embeddable":true,"href":"https:\/\/blogs.correiobraziliense.com.br\/servidor\/wp-json\/wp\/v2\/categories?post=13910"},{"taxonomy":"post_tag","embeddable":true,"href":"https:\/\/blogs.correiobraziliense.com.br\/servidor\/wp-json\/wp\/v2\/tags?post=13910"}],"curies":[{"name":"wp","href":"https:\/\/api.w.org\/{rel}","templated":true}]}}