{"id":13908,"date":"2019-09-26T18:39:17","date_gmt":"2019-09-26T21:39:17","guid":{"rendered":"https:\/\/blogs.correiobraziliense.com.br\/servidor\/?p=13908"},"modified":"2019-09-26T18:39:17","modified_gmt":"2019-09-26T21:39:17","slug":"ministerio-da-economia-estabelece-renda-mensal-media-do-inss-em-r-128-mil","status":"publish","type":"post","link":"https:\/\/blogs.correiobraziliense.com.br\/servidor\/ministerio-da-economia-estabelece-renda-mensal-media-do-inss-em-r-128-mil\/","title":{"rendered":"Minist\u00e9rio da Economia estabelece renda mensal m\u00e9dia do INSS em R$ 1,28 mil"},"content":{"rendered":"<p><em>O valor m\u00e9dio da renda mensal do total de benef\u00edcios pagos pelo Instituto Nacional do Seguro Social (INSS), em agosto, foi estabelecido em R$ 1.283,97, de acordo com a Portaria 1.078, publicada no Di\u00e1rio Oficial da Uni\u00e3o (DOU)<\/em><\/p>\n<p>O documento foi assinado pelo secret\u00e1rio especial de Previd\u00eancia e Trabalho, do Minist\u00e9rio da Economia, Rog\u00e9rio Marinho. O montante \u00e9 um par\u00e2metro para a compensa\u00e7\u00e3o de aposentadorias e pens\u00f5es tanto de servidores, quando de trabalhadores da iniciativa privada, que migraram do Regime Geral de Previd\u00eancia Social (RGPS) para o Regime Pr\u00f3prio de Previd\u00eancia Social (RPPS), e vice-versa.\u00a0A migra\u00e7\u00e3o acontece quando um profissional trabalhou por um tempo no setor privado e depois fez concurso.<\/p>\n<p>No tempo antes da aprova\u00e7\u00e3o no certame, ele contribu\u00eda para a sua aposentadoria, mas o desconto feito no seu sal\u00e1rio ia para os cofres do INSS. Ao entrar para o setor p\u00fablico, ele mudou de regime. O \u00a0recolhimento para o descanso futuro n\u00e3o mais foi para o INSS. Por\u00e9m, quando chegar a sua vez de vestir o pijama, o seu tempo de servi\u00e7o \u00e9 contado pelo total e o dinheiro que ficou retido no INSS tem que ser compensado no RPPS, j\u00e1 ele est\u00e1 agora na administra\u00e7\u00e3o p\u00fablica. Caso um servidor desista dessa condi\u00e7\u00e3o e v\u00e1 para a iniciativa privada, ser\u00e1 o governo que ter\u00e1 que compensar o INSS.<\/p>\n<p>\u201cEsse \u00e9 um valor m\u00e9dio de c\u00e1lculo para trabalhadores que migraram de um regime para o outro. De um modo geral, a conta \u00e9 feita com base no sal\u00e1rio do profissional\u201d, informou Benedito Brunca, diretor de Programa da secretaria de Previd\u00eancia. Mensalmente, o valor precisa ser divulgado. \u201cPara facilitar a vida de muitos que trabalharam nas d\u00e9cadas de 1960 e 1970, por exemplo, e n\u00e3o tinham o registro de suas remunera\u00e7\u00f5es. Essa parcela \u00e9 a compensa\u00e7\u00e3o. Importante destacar que essa parcela n\u00e3o \u00e9 entregue diretamente \u00e0 pessoa f\u00edsica. Trata-se de uma compensa\u00e7\u00e3o entre os regimes\u201d, refor\u00e7a.<\/p>\n<p>O valor sofre pouca oscila\u00e7\u00e3o ao longo do tempo. Em janeiro de 2018, era de R$ 1.226,75. Em agosto do ano passado, chegou a R$ 1.227,85. Baixou para R$ 1.226,69, em dezembro. Em julho de 2019, foi de R$ 1.282,71, e, em agosto, o valor m\u00e9dio definido pelo Minist\u00e9rio da Economia foi estabelecido na \u00faltima quinta-feira em R$ 1.283,97.<\/p>\n","protected":false},"excerpt":{"rendered":"<p>O valor m\u00e9dio da renda mensal do total de benef\u00edcios pagos pelo Instituto Nacional do Seguro Social (INSS), em agosto, foi estabelecido em R$ 1.283,97, de acordo com a Portaria 1.078, publicada no Di\u00e1rio Oficial da Uni\u00e3o (DOU) O documento foi assinado pelo secret\u00e1rio especial de Previd\u00eancia e Trabalho, do Minist\u00e9rio da Economia, Rog\u00e9rio Marinho. O montante \u00e9 um par\u00e2metro [&hellip;]<\/p>\n","protected":false},"author":27,"featured_media":0,"comment_status":"open","ping_status":"closed","sticky":false,"template":"","format":"standard","meta":{"footnotes":""},"categories":[2719],"tags":[6,11,14327,478,16126,590,588,8,3088],"class_list":["post-13908","post","type-post","status-publish","format-standard","hentry","category-servidor","tag-aposentadoria","tag-inss","tag-ministerio-da-economia","tag-profissional","tag-renda-mensal","tag-rgps","tag-rpps","tag-servidor","tag-trabalhador"],"_links":{"self":[{"href":"https:\/\/blogs.correiobraziliense.com.br\/servidor\/wp-json\/wp\/v2\/posts\/13908","targetHints":{"allow":["GET"]}}],"collection":[{"href":"https:\/\/blogs.correiobraziliense.com.br\/servidor\/wp-json\/wp\/v2\/posts"}],"about":[{"href":"https:\/\/blogs.correiobraziliense.com.br\/servidor\/wp-json\/wp\/v2\/types\/post"}],"author":[{"embeddable":true,"href":"https:\/\/blogs.correiobraziliense.com.br\/servidor\/wp-json\/wp\/v2\/users\/27"}],"replies":[{"embeddable":true,"href":"https:\/\/blogs.correiobraziliense.com.br\/servidor\/wp-json\/wp\/v2\/comments?post=13908"}],"version-history":[{"count":1,"href":"https:\/\/blogs.correiobraziliense.com.br\/servidor\/wp-json\/wp\/v2\/posts\/13908\/revisions"}],"predecessor-version":[{"id":13909,"href":"https:\/\/blogs.correiobraziliense.com.br\/servidor\/wp-json\/wp\/v2\/posts\/13908\/revisions\/13909"}],"wp:attachment":[{"href":"https:\/\/blogs.correiobraziliense.com.br\/servidor\/wp-json\/wp\/v2\/media?parent=13908"}],"wp:term":[{"taxonomy":"category","embeddable":true,"href":"https:\/\/blogs.correiobraziliense.com.br\/servidor\/wp-json\/wp\/v2\/categories?post=13908"},{"taxonomy":"post_tag","embeddable":true,"href":"https:\/\/blogs.correiobraziliense.com.br\/servidor\/wp-json\/wp\/v2\/tags?post=13908"}],"curies":[{"name":"wp","href":"https:\/\/api.w.org\/{rel}","templated":true}]}}