{"id":13906,"date":"2019-09-26T18:20:35","date_gmt":"2019-09-26T21:20:35","guid":{"rendered":"https:\/\/blogs.correiobraziliense.com.br\/servidor\/?p=13906"},"modified":"2019-09-26T18:20:35","modified_gmt":"2019-09-26T21:20:35","slug":"auditores-fiscais-do-trabalho-querem-provar-no-stf-competencia-para-reconhecimento-de-vinculo-trabalhista","status":"publish","type":"post","link":"https:\/\/blogs.correiobraziliense.com.br\/servidor\/auditores-fiscais-do-trabalho-querem-provar-no-stf-competencia-para-reconhecimento-de-vinculo-trabalhista\/","title":{"rendered":"Auditores fiscais do Trabalho querem provar no STF compet\u00eancia para reconhecimento de v\u00ednculo trabalhista"},"content":{"rendered":"<p><em>CNA pretende, na a\u00e7\u00e3o, tirar a compet\u00eancia dos auditores fiscais,\u00a0suspender temporariamente os autos de infra\u00e7\u00e3o que reconheceram o v\u00ednculo do empregado e ainda, impedir as execu\u00e7\u00f5es fiscais e as inscri\u00e7\u00f5es em D\u00edvida Ativa por conta de cobran\u00e7as feitas pelos auditores<\/em><\/p>\n<p>O Sindicato Nacional dos Auditores Fiscais do Trabalho (Sinait) entrou com pedido de amicus curiae, ou parte interessada, na Argui\u00e7\u00e3o de Descumprimento de Preceito Fundamental (ADPF) n\u00ba 606, d Confedera\u00e7\u00e3o da Agricultura e Pecu\u00e1ria do Brasil (CNA) no Supremo Tribunal Federal. A CNA argumenta que auditores-fiscais do trabalho n\u00e3o t\u00eam compet\u00eancia para reconhecer e declarar, durante inspe\u00e7\u00f5es, o v\u00ednculo de emprego e a descaracteriza\u00e7\u00e3o de rela\u00e7\u00e3o jur\u00eddica por dissimula\u00e7\u00e3o e fraudes trabalhistas.<\/p>\n<p>De acordo com Milena Pinheiro, advogada respons\u00e1vel pelo pedido e s\u00f3cia do escrit\u00f3rio Mauro Menezes &amp; Advogados, o sindicato entende que a nega\u00e7\u00e3o de tal compet\u00eancia \u00e9 um risco dentro do atual contexto de ataques reiterados e contundentes \u00e0 Justi\u00e7a do Trabalho e a todo o sistema de prote\u00e7\u00e3o do trabalhador. \u201cDe modo muito importante, o Sinait relembra que a inspe\u00e7\u00e3o do trabalho \u00e9 um eixo fundamental dessa prote\u00e7\u00e3o e se posiciona frontalmente contra a presun\u00e7\u00e3o de que a Auditoria-Fiscal do Trabalho funcionaria de modo fraudulento, como quer fazer crer a autora da ADPF\u201d, afirma Pinheiro.<\/p>\n<p>Na a\u00e7\u00e3o, a CNA ainda requer medida cautelar para suspender de forma tempor\u00e1ria autos de infra\u00e7\u00e3o que tenham reconhecido v\u00ednculo de emprego,\u00a0 sustar execu\u00e7\u00f5es fiscais e inscri\u00e7\u00f5es em D\u00edvida Ativa por conta de cobran\u00e7as feitas pelos auditores, ap\u00f3s inspe\u00e7\u00e3o de trabalho e reconhecimento de v\u00ednculo trabalhistas.<\/p>\n<p>Segundo Milena Pinheiro, ap\u00f3s ingressar como parte interessada no processo, o Sinait poder\u00e1 oferecer subs\u00eddios para a discuss\u00e3o na Suprema Corte. \u201cO sindicato tem condi\u00e7\u00f5es de demonstrar, inclusive por meio da sustenta\u00e7\u00e3o oral, que as viola\u00e7\u00f5es apontadas s\u00e3o insubsistentes e a organiza\u00e7\u00e3o da Inspe\u00e7\u00e3o do Trabalho est\u00e1 em conson\u00e2ncia com os princ\u00edpios que regem a Administra\u00e7\u00e3o P\u00fablica e com o imperativo de prote\u00e7\u00e3o ao trabalhador\u201d, defende.<\/p>\n","protected":false},"excerpt":{"rendered":"<p>CNA pretende, na a\u00e7\u00e3o, tirar a compet\u00eancia dos auditores fiscais,\u00a0suspender temporariamente os autos de infra\u00e7\u00e3o que reconheceram o v\u00ednculo do empregado e ainda, impedir as execu\u00e7\u00f5es fiscais e as inscri\u00e7\u00f5es em D\u00edvida Ativa por conta de cobran\u00e7as feitas pelos auditores O Sindicato Nacional dos Auditores Fiscais do Trabalho (Sinait) entrou com pedido de amicus curiae, ou parte interessada, na Argui\u00e7\u00e3o [&hellip;]<\/p>\n","protected":false},"author":27,"featured_media":0,"comment_status":"open","ping_status":"closed","sticky":false,"template":"","format":"standard","meta":{"footnotes":""},"categories":[2719],"tags":[176,348,811,5620,16125,2852,7894,576,7260,12,1011,8878,697,3923,905,34,16124],"class_list":["post-13906","post","type-post","status-publish","format-standard","hentry","category-servidor","tag-acao","tag-adpf","tag-auditores-fiscais-do-trabalho","tag-cna","tag-cobrancas","tag-competencia","tag-divida-ativa","tag-empregado","tag-execucoes","tag-fiscais","tag-fraudes","tag-inspecoes","tag-justica-do-trabalho","tag-reconhecimento","tag-sinait","tag-stf","tag-vinculo-trabalhista"],"_links":{"self":[{"href":"https:\/\/blogs.correiobraziliense.com.br\/servidor\/wp-json\/wp\/v2\/posts\/13906","targetHints":{"allow":["GET"]}}],"collection":[{"href":"https:\/\/blogs.correiobraziliense.com.br\/servidor\/wp-json\/wp\/v2\/posts"}],"about":[{"href":"https:\/\/blogs.correiobraziliense.com.br\/servidor\/wp-json\/wp\/v2\/types\/post"}],"author":[{"embeddable":true,"href":"https:\/\/blogs.correiobraziliense.com.br\/servidor\/wp-json\/wp\/v2\/users\/27"}],"replies":[{"embeddable":true,"href":"https:\/\/blogs.correiobraziliense.com.br\/servidor\/wp-json\/wp\/v2\/comments?post=13906"}],"version-history":[{"count":1,"href":"https:\/\/blogs.correiobraziliense.com.br\/servidor\/wp-json\/wp\/v2\/posts\/13906\/revisions"}],"predecessor-version":[{"id":13907,"href":"https:\/\/blogs.correiobraziliense.com.br\/servidor\/wp-json\/wp\/v2\/posts\/13906\/revisions\/13907"}],"wp:attachment":[{"href":"https:\/\/blogs.correiobraziliense.com.br\/servidor\/wp-json\/wp\/v2\/media?parent=13906"}],"wp:term":[{"taxonomy":"category","embeddable":true,"href":"https:\/\/blogs.correiobraziliense.com.br\/servidor\/wp-json\/wp\/v2\/categories?post=13906"},{"taxonomy":"post_tag","embeddable":true,"href":"https:\/\/blogs.correiobraziliense.com.br\/servidor\/wp-json\/wp\/v2\/tags?post=13906"}],"curies":[{"name":"wp","href":"https:\/\/api.w.org\/{rel}","templated":true}]}}