{"id":13873,"date":"2019-09-23T19:02:02","date_gmt":"2019-09-23T22:02:02","guid":{"rendered":"https:\/\/blogs.correiobraziliense.com.br\/servidor\/?p=13873"},"modified":"2019-09-23T19:03:34","modified_gmt":"2019-09-23T22:03:34","slug":"tcu-suspende-uso-de-recursos-do-fundef-para-pagamento-de-servidor-pelo-governo-do-piaui","status":"publish","type":"post","link":"https:\/\/blogs.correiobraziliense.com.br\/servidor\/tcu-suspende-uso-de-recursos-do-fundef-para-pagamento-de-servidor-pelo-governo-do-piaui\/","title":{"rendered":"TCU suspende uso de recursos do Fundef para pagamento de servidor, pelo governo do Piau\u00ed"},"content":{"rendered":"<p><em>Decis\u00f5es do Tribunal de Contas da Uni\u00e3o (TCU) deixam claro que os recursos do Fundo de Manuten\u00e7\u00e3o e Desenvolvimento do Ensino Fundamental e de Valoriza\u00e7\u00e3o do Magist\u00e9rio (Fundef) devem ser exclusivamente para manuten\u00e7\u00e3o e desenvolvimento da educa\u00e7\u00e3o b\u00e1sica p\u00fablica. Entretanto, o governo do Piau\u00ed pretendia usar parte do cr\u00e9dito para capitalizar o fundo de previd\u00eancia dos servidores<\/em><\/p>\n<p>A opera\u00e7\u00e3o de antecipa\u00e7\u00e3o de cr\u00e9dito tamb\u00e9m pode causar preju\u00edzo na ordem de R$ 320 milh\u00f5es ao Fundef, valor de des\u00e1gio que o Executivo do estado pretende pagar \u00e0 institui\u00e7\u00e3o financeira que conceder o empr\u00e9stimo. O governo do Piau\u00ed dever\u00e1 se explicar, em at\u00e9 15 dias.<\/p>\n<p>Cautelar concedida pelo TCU pro\u00edbe o governo do Piau\u00ed de prosseguir com opera\u00e7\u00e3o de antecipa\u00e7\u00e3o de cr\u00e9dito de precat\u00f3rios do Fundef. A opera\u00e7\u00e3o est\u00e1 suspensa at\u00e9 delibera\u00e7\u00e3o de m\u00e9rito.<\/p>\n","protected":false},"excerpt":{"rendered":"<p>Decis\u00f5es do Tribunal de Contas da Uni\u00e3o (TCU) deixam claro que os recursos do Fundo de Manuten\u00e7\u00e3o e Desenvolvimento do Ensino Fundamental e de Valoriza\u00e7\u00e3o do Magist\u00e9rio (Fundef) devem ser exclusivamente para manuten\u00e7\u00e3o e desenvolvimento da educa\u00e7\u00e3o b\u00e1sica p\u00fablica. Entretanto, o governo do Piau\u00ed pretendia usar parte do cr\u00e9dito para capitalizar o fundo de previd\u00eancia dos servidores A opera\u00e7\u00e3o de [&hellip;]<\/p>\n","protected":false},"author":27,"featured_media":0,"comment_status":"open","ping_status":"closed","sticky":false,"template":"","format":"standard","meta":{"footnotes":""},"categories":[2719],"tags":[2621,1767,9854,16106,16107,98,4191,1034,1019,147,58,635],"class_list":["post-13873","post","type-post","status-publish","format-standard","hentry","category-servidor","tag-antecipacao","tag-credito","tag-educacao-basica","tag-fundef","tag-fundo-de-previdencia","tag-governo","tag-piaui","tag-precatorios","tag-prejuizo","tag-publica","tag-servidores","tag-tcu"],"_links":{"self":[{"href":"https:\/\/blogs.correiobraziliense.com.br\/servidor\/wp-json\/wp\/v2\/posts\/13873","targetHints":{"allow":["GET"]}}],"collection":[{"href":"https:\/\/blogs.correiobraziliense.com.br\/servidor\/wp-json\/wp\/v2\/posts"}],"about":[{"href":"https:\/\/blogs.correiobraziliense.com.br\/servidor\/wp-json\/wp\/v2\/types\/post"}],"author":[{"embeddable":true,"href":"https:\/\/blogs.correiobraziliense.com.br\/servidor\/wp-json\/wp\/v2\/users\/27"}],"replies":[{"embeddable":true,"href":"https:\/\/blogs.correiobraziliense.com.br\/servidor\/wp-json\/wp\/v2\/comments?post=13873"}],"version-history":[{"count":2,"href":"https:\/\/blogs.correiobraziliense.com.br\/servidor\/wp-json\/wp\/v2\/posts\/13873\/revisions"}],"predecessor-version":[{"id":13875,"href":"https:\/\/blogs.correiobraziliense.com.br\/servidor\/wp-json\/wp\/v2\/posts\/13873\/revisions\/13875"}],"wp:attachment":[{"href":"https:\/\/blogs.correiobraziliense.com.br\/servidor\/wp-json\/wp\/v2\/media?parent=13873"}],"wp:term":[{"taxonomy":"category","embeddable":true,"href":"https:\/\/blogs.correiobraziliense.com.br\/servidor\/wp-json\/wp\/v2\/categories?post=13873"},{"taxonomy":"post_tag","embeddable":true,"href":"https:\/\/blogs.correiobraziliense.com.br\/servidor\/wp-json\/wp\/v2\/tags?post=13873"}],"curies":[{"name":"wp","href":"https:\/\/api.w.org\/{rel}","templated":true}]}}