{"id":13870,"date":"2019-09-23T16:47:29","date_gmt":"2019-09-23T19:47:29","guid":{"rendered":"https:\/\/blogs.correiobraziliense.com.br\/servidor\/?p=13870"},"modified":"2019-09-23T16:47:29","modified_gmt":"2019-09-23T19:47:29","slug":"assibge-sn-denuncia-governo-brasileiro-na-oea-por-cortes-no-censo","status":"publish","type":"post","link":"https:\/\/blogs.correiobraziliense.com.br\/servidor\/assibge-sn-denuncia-governo-brasileiro-na-oea-por-cortes-no-censo\/","title":{"rendered":"AssIBGE-SN denuncia governo brasileiro na OEA por cortes no Censo"},"content":{"rendered":"<p><em>A Associa\u00e7\u00e3o Nacional dos Funcion\u00e1rios do IBGE (AssIBGE \u2013 Sindicato Nacional) protocolou den\u00fancia contra o governo do presidente Jair Bolsonaro, na Comiss\u00e3o Interamericana de Direitos Humanos da Organiza\u00e7\u00e3o dos Estados Americanos (OEA), alertando para as consequ\u00eancias da redu\u00e7\u00e3o da abrang\u00eancia do Censo 2020 na sociedade brasileira, o que fere tratados internacionais dos quais o pa\u00eds \u00e9 signat\u00e1rio<\/em><\/p>\n<p>O Sindicato tamb\u00e9m fez den\u00fancia na Comiss\u00e3o de \u00c9tica da Presid\u00eancia da Rep\u00fablica, questionando a contrata\u00e7\u00e3o do jornalista Alex Campos para a fun\u00e7\u00e3o de gerente de Comunica\u00e7\u00e3o do IBGE. &#8220;Pesa contra Campos o fato de acumular fun\u00e7\u00f5es como s\u00f3cio de empresa de comunica\u00e7\u00e3o e exercer cargo p\u00fablico na mesma \u00e1rea, o que caracteriza desrespeito \u00e0 Lei do Conflito de Interesses na Administra\u00e7\u00e3o P\u00fablica Federal (n\u00b0 12.813\/2013), al\u00e9m de quebra da dedica\u00e7\u00e3o integral (Decreto n\u00ba 1.590\/95, que regulamenta o art. 19 da Lei n\u00ba 8.112\/90) e o princ\u00edpio fundamental da igualdade de acesso de informa\u00e7\u00f5es&#8221;, informa a associa\u00e7\u00e3o.<\/p>\n","protected":false},"excerpt":{"rendered":"<p>A Associa\u00e7\u00e3o Nacional dos Funcion\u00e1rios do IBGE (AssIBGE \u2013 Sindicato Nacional) protocolou den\u00fancia contra o governo do presidente Jair Bolsonaro, na Comiss\u00e3o Interamericana de Direitos Humanos da Organiza\u00e7\u00e3o dos Estados Americanos (OEA), alertando para as consequ\u00eancias da redu\u00e7\u00e3o da abrang\u00eancia do Censo 2020 na sociedade brasileira, o que fere tratados internacionais dos quais o pa\u00eds \u00e9 signat\u00e1rio O Sindicato tamb\u00e9m [&hellip;]<\/p>\n","protected":false},"author":27,"featured_media":0,"comment_status":"open","ping_status":"closed","sticky":false,"template":"","format":"standard","meta":{"footnotes":""},"categories":[2719],"tags":[4006,726,15015,2395,134,98,1232,3807,16105,10518],"class_list":["post-13870","post","type-post","status-publish","format-standard","hentry","category-servidor","tag-assibge","tag-brasileiro","tag-censo-2020","tag-cortes","tag-denuncia","tag-governo","tag-internacionais","tag-oea","tag-signatario","tag-tratados"],"_links":{"self":[{"href":"https:\/\/blogs.correiobraziliense.com.br\/servidor\/wp-json\/wp\/v2\/posts\/13870","targetHints":{"allow":["GET"]}}],"collection":[{"href":"https:\/\/blogs.correiobraziliense.com.br\/servidor\/wp-json\/wp\/v2\/posts"}],"about":[{"href":"https:\/\/blogs.correiobraziliense.com.br\/servidor\/wp-json\/wp\/v2\/types\/post"}],"author":[{"embeddable":true,"href":"https:\/\/blogs.correiobraziliense.com.br\/servidor\/wp-json\/wp\/v2\/users\/27"}],"replies":[{"embeddable":true,"href":"https:\/\/blogs.correiobraziliense.com.br\/servidor\/wp-json\/wp\/v2\/comments?post=13870"}],"version-history":[{"count":1,"href":"https:\/\/blogs.correiobraziliense.com.br\/servidor\/wp-json\/wp\/v2\/posts\/13870\/revisions"}],"predecessor-version":[{"id":13871,"href":"https:\/\/blogs.correiobraziliense.com.br\/servidor\/wp-json\/wp\/v2\/posts\/13870\/revisions\/13871"}],"wp:attachment":[{"href":"https:\/\/blogs.correiobraziliense.com.br\/servidor\/wp-json\/wp\/v2\/media?parent=13870"}],"wp:term":[{"taxonomy":"category","embeddable":true,"href":"https:\/\/blogs.correiobraziliense.com.br\/servidor\/wp-json\/wp\/v2\/categories?post=13870"},{"taxonomy":"post_tag","embeddable":true,"href":"https:\/\/blogs.correiobraziliense.com.br\/servidor\/wp-json\/wp\/v2\/tags?post=13870"}],"curies":[{"name":"wp","href":"https:\/\/api.w.org\/{rel}","templated":true}]}}