{"id":13858,"date":"2019-09-20T14:51:13","date_gmt":"2019-09-20T17:51:13","guid":{"rendered":"https:\/\/blogs.correiobraziliense.com.br\/servidor\/?p=13858"},"modified":"2019-09-20T14:51:13","modified_gmt":"2019-09-20T17:51:13","slug":"setembro-amarelo-inoperancia-do-governo-no-combate-aos-suicidios-na-pf","status":"publish","type":"post","link":"https:\/\/blogs.correiobraziliense.com.br\/servidor\/setembro-amarelo-inoperancia-do-governo-no-combate-aos-suicidios-na-pf\/","title":{"rendered":"Setembro Amarelo &#8211; inoper\u00e2ncia do governo no combate aos suic\u00eddios na PF"},"content":{"rendered":"<p><em>Na \u00faltima ter\u00e7a-feira (17), a Pol\u00edcia Federal ficou novamente enlutada pelo suic\u00eddio de um de seus servidores. Foi a 50\u00aa ocorr\u00eancia do tipo no \u00f3rg\u00e3o nos \u00faltimos 20 anos (34\u00aa nos \u00faltimos 10), ocorrida em pleno \u201cSetembro Amarelo\u201d, m\u00eas dedicado a a\u00e7\u00f5es e campanhas de preven\u00e7\u00e3o ao suic\u00eddio, denuncia o Sindicato dos Trabalhadores Administrativos (SinpecPF)<\/em><\/p>\n<p>O n\u00famero assustador de suic\u00eddios na PF \u00e9 seis vezes superior \u00e0 m\u00e9dia brasileira (36,7 a cada 100 mil habitantes)<a href=\"http:\/\/noticias.r7.com\/brasil\/suicidio-entre-policiais-federais-e-seis-vezes-maior-do-que-a-media-brasileira-24032017\" target=\"_blank\" rel=\"noopener\">[1]<\/a>. &#8220;Trata-se, portanto, de um problema institucional de sa\u00fade, que at\u00e9 hoje n\u00e3o recebeu resposta \u00e0 altura por parte das autoridades&#8221;, destaca a entidade.<\/p>\n<p>Representados pelo SinpecPF, os profissionais de sa\u00fade que atuam na PF avaliam que o \u00f3rg\u00e3o precisa refor\u00e7ar as a\u00e7\u00f5es preventivas. Para a psiquiatra Joana Abrah\u00e3o, o efetivo atual atuando na \u00e1rea de sa\u00fade \u00e9 deficit\u00e1rio e pol\u00edticas governamentais como o SIASS \u2014 que busca integrar equipes de sa\u00fade de diferentes \u00f3rg\u00e3os, obrigando a PF a compartilhar seus profissionais \u2014 enfraquecem ainda mais o atendimento especializado que um \u00f3rg\u00e3o de seguran\u00e7a p\u00fablica pede.<\/p>\n<p>\u201cEstamos falando de profissionais de seguran\u00e7a que andam armados e participam de opera\u00e7\u00f5es de risco. Para prevenir que algo mais grave aconte\u00e7a, \u00e9 preciso estabelecer uma rela\u00e7\u00e3o de confian\u00e7a, algo que s\u00f3 \u00e9 poss\u00edvel com um acompanhamento interno e cont\u00ednuo\u201d, explica a psiquiatra.<\/p>\n<p>Outros profissionais de sa\u00fade ouvidos pelo sindicato corroboram a vis\u00e3o de Joana. Entre eles \u00e9 amplamente majorit\u00e1ria a vis\u00e3o de que o \u00f3rg\u00e3o deveria apostar em um modelo interno de atendimento, no qual os profissionais de sa\u00fade poderiam acompanhar de perto a evolu\u00e7\u00e3o dos pacientes. Entretanto, com o contingente atual, tal tarefa se mostra imposs\u00edvel, dado o pequeno n\u00famero de profissionais de sa\u00fade biopsicossocial \u2014 \u00e1rea que cuida da preven\u00e7\u00e3o e tratamento de dist\u00farbios da mente \u2014 trabalhando na PF.<\/p>\n<p>Atualmente, a equipe biopsicossocial da PF tem 12 psic\u00f3logos, 10 psiquiatras, 24 assistentes sociais e quatro enfermeiros. Eles s\u00e3o respons\u00e1veis pela sa\u00fade mental de 12,5 mil servidores em todo o Brasil. Como o contingente \u00e9 baixo, at\u00e9 hoje o \u00f3rg\u00e3o n\u00e3o conseguiu colocar em pr\u00e1tica o \u201cPrograma de Atendimento Biopsicossocial\u201d, medida institu\u00edda pela PF em 2009 prevendo a aloca\u00e7\u00e3o de equipes para o acompanhamento de sa\u00fade mental e psicossocial \u2014 compostas por um profissional de cada um dos cargos citados \u2014 em todos os estados do pa\u00eds.<\/p>\n<p>Para reverter o quadro, a PF solicitou em 2014 a transforma\u00e7\u00e3o de 36 cargos de n\u00edvel superior atualmente vagos em cargos de psic\u00f3logo, com inten\u00e7\u00e3o de realizar um concurso p\u00fablico. A medida foi aprovada pela C\u00e2mara dos Deputados, <a href=\"http:\/\/www25.senado.leg.br\/web\/atividade\/materias\/-\/materia\/122624\" target=\"_blank\" rel=\"noopener\">mas est\u00e1 parada no Senado Federal\u00a0sob o pretexto de \u201cconten\u00e7\u00e3o de gastos\u201d<\/a>. \u201cEssa \u2018economia\u2019 tem sa\u00eddo cara para a sociedade, que perde profissionais dedicados do \u00f3rg\u00e3o mais respeitado do pa\u00eds\u201d, sentencia o presidente do SinpecPF, Jo\u00e3o Luis Rodrigues Nunes. \u201c\u00c9 absurdo fechar os olhos para a situa\u00e7\u00e3o\u201d, completa.<\/p>\n<p>Outra proposta da PF engavetada pelo governo \u00e9 a que cria o Subsistema Integrado de Aten\u00e7\u00e3o \u00e0 Sa\u00fade do Servidor P\u00fablico Federal das \u00c1reas de Seguran\u00e7a P\u00fablica e Penitenci\u00e1ria Federal (SIASSP), no Minist\u00e9rio da Justi\u00e7a. A inten\u00e7\u00e3o por tr\u00e1s da proposta \u00e9 que os \u00f3rg\u00e3os de seguran\u00e7a do MJ (PF, PRF e Depen) se desvinculem do SIASS. Com isso, as institui\u00e7\u00f5es de seguran\u00e7a passariam a compartilhar seus profissionais apenas entre si, facilitando o acompanhamento cl\u00ednico continuado e especializado.<\/p>\n","protected":false},"excerpt":{"rendered":"<p>Na \u00faltima ter\u00e7a-feira (17), a Pol\u00edcia Federal ficou novamente enlutada pelo suic\u00eddio de um de seus servidores. Foi a 50\u00aa ocorr\u00eancia do tipo no \u00f3rg\u00e3o nos \u00faltimos 20 anos (34\u00aa nos \u00faltimos 10), ocorrida em pleno \u201cSetembro Amarelo\u201d, m\u00eas dedicado a a\u00e7\u00f5es e campanhas de preven\u00e7\u00e3o ao suic\u00eddio, denuncia o Sindicato dos Trabalhadores Administrativos (SinpecPF) O n\u00famero assustador de suic\u00eddios [&hellip;]<\/p>\n","protected":false},"author":27,"featured_media":0,"comment_status":"open","ping_status":"closed","sticky":false,"template":"","format":"standard","meta":{"footnotes":""},"categories":[2719],"tags":[16096,1531,305,791,204,1851,16097,88,98,16094,14855,1973,8864,319,3596,1075,616,5761,58,3595,16095,14280],"class_list":["post-13858","post","type-post","status-publish","format-standard","hentry","category-servidor","tag-biopsicossocial","tag-camara-dos-deputados","tag-campanha","tag-cargos","tag-combate","tag-concurso-publico","tag-disturbios","tag-economia","tag-governo","tag-inoperancia","tag-mente","tag-ministerio-da-justica","tag-pacientes","tag-pf","tag-prevencao","tag-profissionais","tag-saude","tag-seguranca-publica","tag-servidores","tag-setembro-amarelo","tag-siass","tag-suicidios"],"_links":{"self":[{"href":"https:\/\/blogs.correiobraziliense.com.br\/servidor\/wp-json\/wp\/v2\/posts\/13858","targetHints":{"allow":["GET"]}}],"collection":[{"href":"https:\/\/blogs.correiobraziliense.com.br\/servidor\/wp-json\/wp\/v2\/posts"}],"about":[{"href":"https:\/\/blogs.correiobraziliense.com.br\/servidor\/wp-json\/wp\/v2\/types\/post"}],"author":[{"embeddable":true,"href":"https:\/\/blogs.correiobraziliense.com.br\/servidor\/wp-json\/wp\/v2\/users\/27"}],"replies":[{"embeddable":true,"href":"https:\/\/blogs.correiobraziliense.com.br\/servidor\/wp-json\/wp\/v2\/comments?post=13858"}],"version-history":[{"count":1,"href":"https:\/\/blogs.correiobraziliense.com.br\/servidor\/wp-json\/wp\/v2\/posts\/13858\/revisions"}],"predecessor-version":[{"id":13859,"href":"https:\/\/blogs.correiobraziliense.com.br\/servidor\/wp-json\/wp\/v2\/posts\/13858\/revisions\/13859"}],"wp:attachment":[{"href":"https:\/\/blogs.correiobraziliense.com.br\/servidor\/wp-json\/wp\/v2\/media?parent=13858"}],"wp:term":[{"taxonomy":"category","embeddable":true,"href":"https:\/\/blogs.correiobraziliense.com.br\/servidor\/wp-json\/wp\/v2\/categories?post=13858"},{"taxonomy":"post_tag","embeddable":true,"href":"https:\/\/blogs.correiobraziliense.com.br\/servidor\/wp-json\/wp\/v2\/tags?post=13858"}],"curies":[{"name":"wp","href":"https:\/\/api.w.org\/{rel}","templated":true}]}}