{"id":13850,"date":"2019-09-18T16:57:19","date_gmt":"2019-09-18T19:57:19","guid":{"rendered":"https:\/\/blogs.correiobraziliense.com.br\/servidor\/?p=13850"},"modified":"2019-09-18T16:57:19","modified_gmt":"2019-09-18T19:57:19","slug":"petrobras-proposta-do-vice-presidente-do-tst-pelo-youtube-amanha","status":"publish","type":"post","link":"https:\/\/blogs.correiobraziliense.com.br\/servidor\/petrobras-proposta-do-vice-presidente-do-tst-pelo-youtube-amanha\/","title":{"rendered":"Petrobras: proposta do vice-presidente do TST pelo YouTube, amanh\u00e3"},"content":{"rendered":"<p><em>O ministro conduz a media\u00e7\u00e3o pr\u00e9-processual com o objetivo de chegar a uma solu\u00e7\u00e3o consensual para a data-base dos petroleiros<\/em><\/p>\n<p>O vice-presidente do Tribunal Superior do Trabalho (TST), ministro Renato de Lacerda Paiva, vai apresentar amanh\u00e3 (19 de setembro), \u00e0s 18 horas, a proposta de acordo entre a Petr\u00f3leo Brasileiro S. A. (Petrobras), a Federa\u00e7\u00e3o \u00danica dos Petroleiros (FUP), Federa\u00e7\u00e3o Nacional dos Petroleiros (FNP) e diversos sindicatos da categoria. A apresenta\u00e7\u00e3o ser\u00e1 transmitida pelo canal oficial do <a href=\"https:\/\/www.youtube.com\/user\/tst\">TST no Youtube. <\/a>\u00a0A \u00edntegra do despacho ser\u00e1 publicada em seguida nos autos do pedido de media\u00e7\u00e3o.<\/p>\n<p><strong>Prorroga\u00e7\u00e3o<\/strong><\/p>\n<p>Em 26 de agosto, a Petrobras pediu ao vice-presidente do TST que atuasse na media\u00e7\u00e3o das negocia\u00e7\u00f5es com os empregados. Desde ent\u00e3o, ele fez reuni\u00f5es unilaterais e bilaterais de trabalho e de negocia\u00e7\u00e3o, tendo em vista sobretudo a proximidade da perda de vig\u00eancia do instrumento coletivo ent\u00e3o vigente (a data-base dos petroleiros que \u00e9 em \u00e9 1\u00ba de setembro).<\/p>\n<p>Em reuni\u00e3o com as duas partes em 29 de agosto, foi acertada a manuten\u00e7\u00e3o do acordo at\u00e9 30 de setembro, condi\u00e7\u00e3o considerada essencial pelo ministro para o desenvolvimento tranquilo das negocia\u00e7\u00f5es. Em 10 de setembro, o ministro decidiu apresentar a proposta at\u00e9 o dia 19.<\/p>\n<p>Processo: PMPP-1000620-09.2019.5.00.0000<\/p>\n","protected":false},"excerpt":{"rendered":"<p>O ministro conduz a media\u00e7\u00e3o pr\u00e9-processual com o objetivo de chegar a uma solu\u00e7\u00e3o consensual para a data-base dos petroleiros O vice-presidente do Tribunal Superior do Trabalho (TST), ministro Renato de Lacerda Paiva, vai apresentar amanh\u00e3 (19 de setembro), \u00e0s 18 horas, a proposta de acordo entre a Petr\u00f3leo Brasileiro S. A. (Petrobras), a Federa\u00e7\u00e3o \u00danica dos Petroleiros (FUP), Federa\u00e7\u00e3o [&hellip;]<\/p>\n","protected":false},"author":27,"featured_media":0,"comment_status":"open","ping_status":"closed","sticky":false,"template":"","format":"standard","meta":{"footnotes":""},"categories":[2719],"tags":[112,769,14503,1000,3280,42,201,6244,54,3801,1429,503,912],"class_list":["post-13850","post","type-post","status-publish","format-standard","hentry","category-servidor","tag-acordo","tag-data-base","tag-fnp","tag-fup","tag-mediacao","tag-negociacao","tag-petrobras","tag-petroleiros","tag-proposta","tag-sindicatos","tag-solucao","tag-tst","tag-youtube"],"_links":{"self":[{"href":"https:\/\/blogs.correiobraziliense.com.br\/servidor\/wp-json\/wp\/v2\/posts\/13850","targetHints":{"allow":["GET"]}}],"collection":[{"href":"https:\/\/blogs.correiobraziliense.com.br\/servidor\/wp-json\/wp\/v2\/posts"}],"about":[{"href":"https:\/\/blogs.correiobraziliense.com.br\/servidor\/wp-json\/wp\/v2\/types\/post"}],"author":[{"embeddable":true,"href":"https:\/\/blogs.correiobraziliense.com.br\/servidor\/wp-json\/wp\/v2\/users\/27"}],"replies":[{"embeddable":true,"href":"https:\/\/blogs.correiobraziliense.com.br\/servidor\/wp-json\/wp\/v2\/comments?post=13850"}],"version-history":[{"count":1,"href":"https:\/\/blogs.correiobraziliense.com.br\/servidor\/wp-json\/wp\/v2\/posts\/13850\/revisions"}],"predecessor-version":[{"id":13851,"href":"https:\/\/blogs.correiobraziliense.com.br\/servidor\/wp-json\/wp\/v2\/posts\/13850\/revisions\/13851"}],"wp:attachment":[{"href":"https:\/\/blogs.correiobraziliense.com.br\/servidor\/wp-json\/wp\/v2\/media?parent=13850"}],"wp:term":[{"taxonomy":"category","embeddable":true,"href":"https:\/\/blogs.correiobraziliense.com.br\/servidor\/wp-json\/wp\/v2\/categories?post=13850"},{"taxonomy":"post_tag","embeddable":true,"href":"https:\/\/blogs.correiobraziliense.com.br\/servidor\/wp-json\/wp\/v2\/tags?post=13850"}],"curies":[{"name":"wp","href":"https:\/\/api.w.org\/{rel}","templated":true}]}}