{"id":1385,"date":"2016-03-26T18:04:40","date_gmt":"2016-03-26T21:04:40","guid":{"rendered":"https:\/\/blogs.correiobraziliense.com.br\/servidor\/?p=1385"},"modified":"2016-03-26T18:04:40","modified_gmt":"2016-03-26T21:04:40","slug":"anamatra-lanca-agenda-politico-institucional-2016","status":"publish","type":"post","link":"https:\/\/blogs.correiobraziliense.com.br\/servidor\/anamatra-lanca-agenda-politico-institucional-2016\/","title":{"rendered":"ANAMATRA LAN\u00c7A AGENDA POL\u00cdTICO-INSTITUCIONAL 2016"},"content":{"rendered":"<p>A Associa\u00e7\u00e3o Nacional dos Magistrados da Justi\u00e7a do Trabalho (Anamatra) lan\u00e7ar\u00e1, na pr\u00f3xima ter\u00e7a-feira (29\/3), \u00e0s 16 horas, no Sal\u00e3o Nobre da C\u00e2mara dos Deputados, a Agenda Pol\u00edtico-Institucional 2016. A solenidade reunir\u00e1, al\u00e9m de magistrados, parlamentares, representantes dos demais Poderes e da sociedade civil.<\/p>\n<p>A agenda, publicada anualmente pela Anamatra, chega \u00e0 d\u00e9cima edi\u00e7\u00e3o. Segundo a Associa\u00e7\u00e3o, trata-se de um importante instrumento de informa\u00e7\u00e3o \u00e0s entidades participativas do debate p\u00fablico; refletindo a atua\u00e7\u00e3o legislativa e jur\u00eddica da entidade em projetos voltados, especialmente, ao direito e \u00e0 magistratura do trabalho.<\/p>\n<p>\u201cO Parlamento \u00e9 o cen\u00e1rio onde teremos que cumprir a maior parte de nossa agenda no resgate destas quest\u00f5es: valoriza\u00e7\u00e3o da magistratura e do direito do trabalho. Por outro lado, a leg\u00edtima interven\u00e7\u00e3o do Judici\u00e1rio, como garantidor dos direitos fundamentais, n\u00e3o admite retrocesso, como tamb\u00e9m n\u00e3o admitem retrocessos as conquistas sociais, para as quais, espera-se, o Supremo Tribunal Federal (STF) esteja atento\u201d, explica o presidente da Anamatra, Germano Siqueira.<\/p>\n<p>A \u00edntegra da publica\u00e7\u00e3o estar\u00e1 dispon\u00edvel no portal da Anamatra, na \u00e1rea publica\u00e7\u00f5es, logo ap\u00f3s o lan\u00e7amento.<br \/>\n<strong>Servi\u00e7o:<\/strong><\/p>\n<p><strong>O que?<\/strong> Lan\u00e7amento Agenda Pol\u00edtico-Institucional da Anamatra 2016<br \/>\n<strong>Quando?<\/strong> Ter\u00e7a-feira, 29 de abril, \u00e0s 16h00<br \/>\n<strong>Onde?<\/strong> Sal\u00e3o Nobre (a lado do Sal\u00e3o Negro) &#8211; C\u00e2mara dos Deputados &#8211; Bras\u00edlia\/DF<\/p>\n","protected":false},"excerpt":{"rendered":"<p>A Associa\u00e7\u00e3o Nacional dos Magistrados da Justi\u00e7a do Trabalho (Anamatra) lan\u00e7ar\u00e1, na pr\u00f3xima ter\u00e7a-feira (29\/3), \u00e0s 16 horas, no Sal\u00e3o Nobre da C\u00e2mara dos Deputados, a Agenda Pol\u00edtico-Institucional 2016. A solenidade reunir\u00e1, al\u00e9m de magistrados, parlamentares, representantes dos demais Poderes e da sociedade civil. A agenda, publicada anualmente pela Anamatra, chega \u00e0 d\u00e9cima edi\u00e7\u00e3o. Segundo a Associa\u00e7\u00e3o, trata-se de um [&hellip;]<\/p>\n","protected":false},"author":27,"featured_media":0,"comment_status":"open","ping_status":"closed","sticky":false,"template":"","format":"standard","meta":{"footnotes":""},"categories":[1],"tags":[1529,1527,1408,1531,847,1228,1528,1530],"class_list":["post-1385","post","type-post","status-publish","format-standard","hentry","category-sem-categoria","tag-1529","tag-agenda","tag-anamatra","tag-camara-dos-deputados","tag-debate","tag-lanca","tag-politico-institucional","tag-salao-nobre"],"_links":{"self":[{"href":"https:\/\/blogs.correiobraziliense.com.br\/servidor\/wp-json\/wp\/v2\/posts\/1385","targetHints":{"allow":["GET"]}}],"collection":[{"href":"https:\/\/blogs.correiobraziliense.com.br\/servidor\/wp-json\/wp\/v2\/posts"}],"about":[{"href":"https:\/\/blogs.correiobraziliense.com.br\/servidor\/wp-json\/wp\/v2\/types\/post"}],"author":[{"embeddable":true,"href":"https:\/\/blogs.correiobraziliense.com.br\/servidor\/wp-json\/wp\/v2\/users\/27"}],"replies":[{"embeddable":true,"href":"https:\/\/blogs.correiobraziliense.com.br\/servidor\/wp-json\/wp\/v2\/comments?post=1385"}],"version-history":[{"count":1,"href":"https:\/\/blogs.correiobraziliense.com.br\/servidor\/wp-json\/wp\/v2\/posts\/1385\/revisions"}],"predecessor-version":[{"id":1386,"href":"https:\/\/blogs.correiobraziliense.com.br\/servidor\/wp-json\/wp\/v2\/posts\/1385\/revisions\/1386"}],"wp:attachment":[{"href":"https:\/\/blogs.correiobraziliense.com.br\/servidor\/wp-json\/wp\/v2\/media?parent=1385"}],"wp:term":[{"taxonomy":"category","embeddable":true,"href":"https:\/\/blogs.correiobraziliense.com.br\/servidor\/wp-json\/wp\/v2\/categories?post=1385"},{"taxonomy":"post_tag","embeddable":true,"href":"https:\/\/blogs.correiobraziliense.com.br\/servidor\/wp-json\/wp\/v2\/tags?post=1385"}],"curies":[{"name":"wp","href":"https:\/\/api.w.org\/{rel}","templated":true}]}}