{"id":13848,"date":"2019-09-18T13:33:00","date_gmt":"2019-09-18T16:33:00","guid":{"rendered":"https:\/\/blogs.correiobraziliense.com.br\/servidor\/?p=13848"},"modified":"2019-09-18T13:33:00","modified_gmt":"2019-09-18T16:33:00","slug":"cndl-spc-brasil-para-96-dos-empresarios-carga-tributaria-e-burocracia-impedem-crescimento-dos-negocios","status":"publish","type":"post","link":"https:\/\/blogs.correiobraziliense.com.br\/servidor\/cndl-spc-brasil-para-96-dos-empresarios-carga-tributaria-e-burocracia-impedem-crescimento-dos-negocios\/","title":{"rendered":"CNDL\/SPC Brasil &#8211; Para 96% dos empres\u00e1rios, carga tribut\u00e1ria e burocracia impedem crescimento dos neg\u00f3cios"},"content":{"rendered":"<p><em>Condi\u00e7\u00f5es de mobilidade (73%) e seguran\u00e7a p\u00fablica (71%) tamb\u00e9m prejudicam o desempenho das empresas. Para 51%, com\u00e9rcio informal interfere nas vendas da empresa\u00a0<\/em><\/p>\n<p>Pesquisa da Confedera\u00e7\u00e3o Nacional de Dirigentes Lojistas (CNDL) e do Servi\u00e7o de Prote\u00e7\u00e3o ao Cr\u00e9dito (SPC Brasil) aponta que n\u00e3o importa o tamanho da empresa, segmento de atua\u00e7\u00e3o ou localidade, fazer a sua empresa crescer ou trabalhar pela manuten\u00e7\u00e3o de seus neg\u00f3cios \u00e9 sempre um desafio na realidade brasileira. O estudo, em parceria com o Servi\u00e7o Brasileiro de Apoio \u00e0s Micro e Pequenas Empresas (Sebrae), revela que 96% dos empres\u00e1rios brasileiros avaliam que a alta carga tribut\u00e1ria e a complexidade do sistema de arrecada\u00e7\u00e3o representam uma barreira para o desenvolvimento dos neg\u00f3cios. A queixa se sobressai, principalmente, na tributa\u00e7\u00e3o sobre a fabrica\u00e7\u00e3o e venda de produtos ou servi\u00e7os, apontado por 53% da amostra como um empecilho.<\/p>\n<p>Outros fatores do chamado \u201cCusto Brasil\u201d tamb\u00e9m s\u00e3o criticados pelos empres\u00e1rios, como o excesso de burocracia para abrir, manter e fechar empresas e tamb\u00e9m na contrata\u00e7\u00e3o e dispensa de funcion\u00e1rios (49%). J\u00e1 44% veem os altos juros como um empecilho para o crescimento de seus neg\u00f3cios e 41% reclamam do alto custo para empregar devido \u00e0 tributa\u00e7\u00e3o da folha de pagamento. A dificuldade para obter cr\u00e9dito \u00e9 mencionada por 21% da amostra.<\/p>\n<p>A pesquisa, que teve como objetivo identificar poss\u00edveis entraves para o crescimento das empresas, integra o conv\u00eanio Pol\u00edticas P\u00fablicas 4.0 (PP 4.0), firmado entre o Sistema CNDL e o Sebrae, e pretende coletar insumos para a proposi\u00e7\u00e3o de pol\u00edticas p\u00fablicas que contribuam para a melhoria do ambiente de neg\u00f3cios no pa\u00eds e, consequentemente, apoiem o desenvolvimento do varejo.<\/p>\n<p>\u201cA alta taxa de impostos diminui a lucratividade e dificulta a sobreviv\u00eancia do neg\u00f3cio, especialmente em seu in\u00edcio e durante a fase de consolida\u00e7\u00e3o. A burocracia torna as empresas lentas e pouco competitivas, os juros excessivos inibem a tomada de cr\u00e9dito e os investimentos, e prejudicam diretamente a capacidade produtiva\u201d, observa o presidente da Confedera\u00e7\u00e3o Nacional de Dirigentes Lojistas (CNDL), Jos\u00e9 C\u00e9sar da Costa.<\/p>\n<p><strong>Para maioria, condi\u00e7\u00f5es da infraestrutura, mobilidade e seguran\u00e7a p\u00fablica, tamb\u00e9m s\u00e3o barreiras para o crescimento das empresas<\/strong><\/p>\n<p>De acordo com o estudo, 62% dos empres\u00e1rios tamb\u00e9m apontam que aspectos relacionados \u00e0 infraestrutura do pa\u00eds impactam negativamente o crescimento da empresa, sendo as \u00e1reas mais mencionadas as rodovias e estradas (30%), a conectividade a internet (22%), o sistema de Correios (22%) e a qualidade da telefonia (20%).<\/p>\n<p>J\u00e1 as defici\u00eancias na seguran\u00e7a p\u00fablica s\u00e3o problema para os neg\u00f3cios na opini\u00e3o de 71%, em virtude do risco de assalto no entorno da loja ou empresa (59%), da falta de ilumina\u00e7\u00e3o adequada para o per\u00edodo noturno (27%) e da presen\u00e7a de moradores de rua nas imedia\u00e7\u00f5es do neg\u00f3cio (22%).<\/p>\n<p>A gest\u00e3o empresarial tamb\u00e9m \u00e9 um obst\u00e1culo para o crescimento da empresa, apontada por 88% dos entrevistados. Nesse caso, as dificuldades passam pela contrata\u00e7\u00e3o de m\u00e3o de obra qualificada (43%), a falta de dinheiro para comprar informa\u00e7\u00f5es sobre o mercado e clientes (26%), manter a motiva\u00e7\u00e3o e produtividade dos funcion\u00e1rios (24%) e a falta de tempo para fazer atividades operacionais e de gest\u00e3o (23%).<\/p>\n<p>Para 73%, a mobilidade urbana, que se refere \u00e0s condi\u00e7\u00f5es para o deslocamento eficiente e seguro de pedestres e motoristas nas cidades, tamb\u00e9m prejudica o crescimento das empresas, principalmente pelas dificuldades de estacionamento (41%), tr\u00e2nsito intenso (34%) e falta de pavimenta\u00e7\u00e3o das ruas (29%).<\/p>\n<p>A pesquisa tamb\u00e9m investigou como a informalidade atrapalha o desenvolvimento das empresas no pa\u00eds. Para 51% dos empres\u00e1rios entrevistados, o com\u00e9rcio informal interfere em alguma medida nas vendas da sua empresa, sendo os maiores obst\u00e1culos o fato de oferecerem os mesmos produtos ou similares, por\u00e9m mais baratos por n\u00e3o pagarem impostos (77%).<\/p>\n<p>Para 25%, o maior problema \u00e9 a sensa\u00e7\u00e3o de inseguran\u00e7a no entorno das lojas, por muitas vezes estarem envolvidos com tr\u00e1fico e organiza\u00e7\u00f5es criminosas, e 20% apontam os impedimentos no tr\u00e2nsito de pessoas no entorno da loja em fun\u00e7\u00e3o da aglomera\u00e7\u00e3o de barracas nas cal\u00e7adas.<\/p>\n<p><strong>59% dos empres\u00e1rios est\u00e3o otimistas com a\u00e7\u00f5es do governo para aumentar as vendas do varejo<\/strong><\/p>\n<p>O governo federal adotou nos \u00faltimos meses medidas com o intuito de desburocratizar a atividade empresarial, como por exemplo a MP da Liberdade Econ\u00f4mica, que trata de desburocratiza\u00e7\u00e3o e simplifica\u00e7\u00e3o de processos para empresas e empreendedores.<\/p>\n<p>Diante de medidas como essa, 59% dos empres\u00e1rios entrevistados est\u00e3o otimistas com a perspectiva do atual governo em adotar medidas para aumentar as vendas do varejo at\u00e9 o final do mandato, enquanto 24% est\u00e3o em posi\u00e7\u00e3o neutra e 16% se dizem pessimistas em algum grau.<\/p>\n<p>Entre as iniciativas que o governo poderia adotar no pa\u00eds para estimular o varejo, as a\u00e7\u00f5es com maior potencial de impacto na avalia\u00e7\u00e3o dos empres\u00e1rios consultados seriam a promo\u00e7\u00e3o de uma reforma tribut\u00e1ria que reduza a carga de impostos e simplifique o regime de tributa\u00e7\u00e3o das empresas (81%) e o lan\u00e7amento de linhas de c r\u00e9dito menos burocr\u00e1ticas com juros menores para empresas de pequeno porte (78%).<\/p>\n<p>O fornecimento de consultorias gratuitas para micro, pequenas e m\u00e9dias empresas (75%) e investimentos p\u00fablicos na seguran\u00e7a p\u00fablica para que os consumidores circulem pelas regi\u00f5es de com\u00e9rcio (75%) tamb\u00e9m s\u00e3o medidas consideradas necess\u00e1rias.<\/p>\n<p>\u201cAs medidas aprovadas recentemente pelo Congresso Nacional, como a Reforma da Previd\u00eancia e a MP da Liberdade Econ\u00f4mica mostram a abertura de um caminho para a redu\u00e7\u00e3o dos gastos com a m\u00e1quina administrativa, a desburocratiza\u00e7\u00e3o e a simplifica\u00e7\u00e3o do sistema tribut\u00e1rio. Nesse cen\u00e1rio, as a\u00e7\u00f5es estrat\u00e9gicas de est\u00edmulo ao setor empresarial s\u00e3o cruciais\u201d, afirma Costa.<\/p>\n<p>Metodologia<\/p>\n<p>A pesquisa ouviu 601 Propriet\u00e1rios ou respons\u00e1veis pela gest\u00e3o de empresas dos setores de com\u00e9rcio varejista e servi\u00e7o, situadas nos 27 estados brasileiros. Foram consideradas empresas com pelo menos um funcion\u00e1rio. Baixa a \u00edntegra da pesquisa em https:\/\/www.spcbrasil.org.br\/pesquisas<br \/>\nPP 4.0 \u2013 Com investimento total de R$ 3,7 milh\u00f5es ao longo de dois anos, o projeto prev\u00ea tr\u00eas tipos de eventos que ir\u00e3o percorrer todas as regi\u00f5es do pa\u00eds. S\u00e3o encontros com objetivo de qualificar lideran\u00e7as para a\u00e7\u00f5es de Rela\u00e7\u00f5es Institucionais e Governamentais (RIG) com foco no est\u00edmulo \u00e0s articula\u00e7\u00f5es locais; encontros para fomento ao desenvolvimento local e regional por meio da articula\u00e7\u00e3o das lideran\u00e7as do varejo e elabora\u00e7\u00e3o de propostas de Pol\u00edticas P\u00fablicas; e encontros para mobiliza\u00e7\u00e3o empresarial para debater fundamentos essenciais ao desenvolvimento sustent\u00e1vel de neg\u00f3cios e empresas. Ao longo do per\u00edodo do conv\u00eanio, ser\u00e3o realizados 36 encontros, 12 de cada tipo.<br \/>\nOs f\u00f3runs s\u00e3o conduzidos por especialistas em cada tema a fim de estimular o debate e a consolida\u00e7\u00e3o de fundamentos essenciais aos l\u00edderes do setor de com\u00e9rcio e servi\u00e7os, como protagonismo, \u00e9tica e associativismo. Tamb\u00e9m ser\u00e3o promovidos 12 estudos e pesquisas com objetivo de embasar a formula\u00e7\u00e3o de pol\u00edticas p\u00fablicas com foco nas micro e pequenas empresas do setor. Al\u00e9m disso, ser\u00e1 desenvolvida uma plataforma digital de articula\u00e7\u00e3o pol\u00edtica \u2013 um sistema online in\u00e9dito no Brasil que permitir\u00e1 acompanhar projetos, estruturar demandas e ao mesmo tempo mobilizar lideran\u00e7as e conectar atores p\u00fablicos e privados.<\/p>\n<p>SPC Brasil &#8211; H\u00e1 60 anos no mercado, o SPC Brasil possui um dos mais completos bancos de dados da Am\u00e9rica Latina, com informa\u00e7\u00f5es de cr\u00e9dito de pessoas f\u00edsicas e jur\u00eddicas. \u00c9 a plataforma de inova\u00e7\u00e3o do Sistema CNDL para apoiar empresas em conhecimento e intelig\u00eancia para cr\u00e9dito, identidade digital e solu\u00e7\u00f5es de neg\u00f3cios. Oferece servi\u00e7os que geram benef\u00edcios compartilhados para sociedade, ao auxiliar na tomada de decis\u00e3o e fomentar o acesso ao cr\u00e9dito. \u00c9 tamb\u00e9m refer\u00eancia em pesquisas, an\u00e1lises e indicadores que mapeiam o comportamento do mercado, de consumidores e empres\u00e1rios brasileiros, contribuindo para o desenvolvimento da economia do pa\u00eds.<\/p>\n<p>CNDL &#8211; Criada em 1960, a CNDL \u00e9 formada por Federa\u00e7\u00f5es de C\u00e2maras de Dirigentes Lojistas nos estados (FCDLs), C\u00e2maras de Dirigentes Lojistas nos munic\u00edpios (CDLs), SPC Brasil e CDL Jovem, entidades que, em conjunto, comp\u00f5em o Sistema CNDL. \u00c9 a principal rede representativa do varejo no pa\u00eds e tem como miss\u00e3o a defesa e o fortalecimento da livre iniciativa. Atua institucionalmente em nome de 500 mil empresas, que juntas representam mais de 5% do PIB brasileiro, geram 4,6 milh\u00f5es de empregos e movimentam R$ 340 bilh\u00f5es por ano.<\/p>\n","protected":false},"excerpt":{"rendered":"<p>Condi\u00e7\u00f5es de mobilidade (73%) e seguran\u00e7a p\u00fablica (71%) tamb\u00e9m prejudicam o desempenho das empresas. Para 51%, com\u00e9rcio informal interfere nas vendas da empresa\u00a0 Pesquisa da Confedera\u00e7\u00e3o Nacional de Dirigentes Lojistas (CNDL) e do Servi\u00e7o de Prote\u00e7\u00e3o ao Cr\u00e9dito (SPC Brasil) aponta que n\u00e3o importa o tamanho da empresa, segmento de atua\u00e7\u00e3o ou localidade, fazer a sua empresa crescer ou trabalhar [&hellip;]<\/p>\n","protected":false},"author":27,"featured_media":0,"comment_status":"open","ping_status":"closed","sticky":false,"template":"","format":"standard","meta":{"footnotes":""},"categories":[2719],"tags":[946,3895,13598,13524,4901,20,3355,390,9329,4236,1341,98,2770,6941,487,2882,5527,3472,221,3041,5587,5761,1379,2769,149],"class_list":["post-13848","post","type-post","status-publish","format-standard","hentry","category-servidor","tag-arrecadacao","tag-burocracia","tag-carga-tributaria","tag-cndlspc-brasil","tag-comercio","tag-correios","tag-desenvolvimento","tag-empresas","tag-estradas","tag-folha-de-pagamento","tag-funcionarios","tag-governo","tag-impostos","tag-informal","tag-infraestrutura","tag-internet","tag-mobilidade","tag-negocios","tag-produtos","tag-rodovias","tag-sebrae","tag-seguranca-publica","tag-servicos","tag-tributacao","tag-venda"],"_links":{"self":[{"href":"https:\/\/blogs.correiobraziliense.com.br\/servidor\/wp-json\/wp\/v2\/posts\/13848","targetHints":{"allow":["GET"]}}],"collection":[{"href":"https:\/\/blogs.correiobraziliense.com.br\/servidor\/wp-json\/wp\/v2\/posts"}],"about":[{"href":"https:\/\/blogs.correiobraziliense.com.br\/servidor\/wp-json\/wp\/v2\/types\/post"}],"author":[{"embeddable":true,"href":"https:\/\/blogs.correiobraziliense.com.br\/servidor\/wp-json\/wp\/v2\/users\/27"}],"replies":[{"embeddable":true,"href":"https:\/\/blogs.correiobraziliense.com.br\/servidor\/wp-json\/wp\/v2\/comments?post=13848"}],"version-history":[{"count":1,"href":"https:\/\/blogs.correiobraziliense.com.br\/servidor\/wp-json\/wp\/v2\/posts\/13848\/revisions"}],"predecessor-version":[{"id":13849,"href":"https:\/\/blogs.correiobraziliense.com.br\/servidor\/wp-json\/wp\/v2\/posts\/13848\/revisions\/13849"}],"wp:attachment":[{"href":"https:\/\/blogs.correiobraziliense.com.br\/servidor\/wp-json\/wp\/v2\/media?parent=13848"}],"wp:term":[{"taxonomy":"category","embeddable":true,"href":"https:\/\/blogs.correiobraziliense.com.br\/servidor\/wp-json\/wp\/v2\/categories?post=13848"},{"taxonomy":"post_tag","embeddable":true,"href":"https:\/\/blogs.correiobraziliense.com.br\/servidor\/wp-json\/wp\/v2\/tags?post=13848"}],"curies":[{"name":"wp","href":"https:\/\/api.w.org\/{rel}","templated":true}]}}