{"id":13844,"date":"2019-09-18T11:34:22","date_gmt":"2019-09-18T14:34:22","guid":{"rendered":"https:\/\/blogs.correiobraziliense.com.br\/servidor\/?p=13844"},"modified":"2019-09-18T11:38:04","modified_gmt":"2019-09-18T14:38:04","slug":"movimentacao-temporaria-de-empregados-do-bndes-para-a-cvm","status":"publish","type":"post","link":"https:\/\/blogs.correiobraziliense.com.br\/servidor\/movimentacao-temporaria-de-empregados-do-bndes-para-a-cvm\/","title":{"rendered":"Movimenta\u00e7\u00e3o tempor\u00e1ria de empregados do BNDES para a CVM"},"content":{"rendered":"<p><em>Governo come\u00e7a a tapar as lacunas de falta de pessoal t\u00e9cnico em \u00f3rg\u00e3os que exigem servidores com alta qualifica\u00e7\u00e3o. Ainda n\u00e3o se sabe se haver\u00e1 redu\u00e7\u00e3o de gastos.. A CVM ter\u00e1 que reembolsar o BNDES<\/em><\/p>\n<p>Acordo de Coopera\u00e7\u00e3o aprovado pelo Colegiado da Comiss\u00e3o de Valores Mobili\u00e1rios (CVM) permite a ida de servidores do Banco Nacional de Desenvolvimento Econ\u00f4mico Social (BNDES) &#8211; que vai analisar os termos da movimenta\u00e7\u00e3o amanh\u00e3, 19 de setembro -, para a autarquia, desde que aprovado pelo Minist\u00e9rio da Economia<\/p>\n<p>Por meio de nota, a CVM informa que a medida \u00e9 necess\u00e1ria\u00a0para o fortalecimento do quadro funcional, e n\u00e3o substitui o pleito da CVM de um novo concurso p\u00fablico para a reposi\u00e7\u00e3o do seu quadro de servidores.<\/p>\n<p>&#8220;O acordo prev\u00ea que a movimenta\u00e7\u00e3o de empregados do BNDES para a CVM ser\u00e1 volunt\u00e1ria, dentro do m\u00fatuo interesse de todos os envolvidos, e ser\u00e1 realizada pelo prazo inicial de 24 meses, prorrog\u00e1vel uma vez por igual per\u00edodo. \u00c9 importante destacar que os pedidos de movimenta\u00e7\u00e3o ser\u00e3o submetidos ao Minist\u00e9rio da Economia para aprova\u00e7\u00e3o do or\u00e7amento relativo \u00e0s parcelas a serem reembolsadas pela CVM ao BNDES&#8221;, afirma a nota.<\/p>\n","protected":false},"excerpt":{"rendered":"<p>Governo come\u00e7a a tapar as lacunas de falta de pessoal t\u00e9cnico em \u00f3rg\u00e3os que exigem servidores com alta qualifica\u00e7\u00e3o. Ainda n\u00e3o se sabe se haver\u00e1 redu\u00e7\u00e3o de gastos.. A CVM ter\u00e1 que reembolsar o BNDES Acordo de Coopera\u00e7\u00e3o aprovado pelo Colegiado da Comiss\u00e3o de Valores Mobili\u00e1rios (CVM) permite a ida de servidores do Banco Nacional de Desenvolvimento Econ\u00f4mico Social (BNDES) [&hellip;]<\/p>\n","protected":false},"author":27,"featured_media":0,"comment_status":"open","ping_status":"closed","sticky":false,"template":"","format":"standard","meta":{"footnotes":""},"categories":[2719],"tags":[16085,2739,93,215,14327,7622,318,16086,5186,882,58],"class_list":["post-13844","post","type-post","status-publish","format-standard","hentry","category-servidor","tag-acordo-de-cooperacao","tag-bndes","tag-concurso","tag-cvm","tag-ministerio-da-economia","tag-movimentacao","tag-orcamento","tag-quadro-funcional","tag-reembolso","tag-reposicao","tag-servidores"],"_links":{"self":[{"href":"https:\/\/blogs.correiobraziliense.com.br\/servidor\/wp-json\/wp\/v2\/posts\/13844","targetHints":{"allow":["GET"]}}],"collection":[{"href":"https:\/\/blogs.correiobraziliense.com.br\/servidor\/wp-json\/wp\/v2\/posts"}],"about":[{"href":"https:\/\/blogs.correiobraziliense.com.br\/servidor\/wp-json\/wp\/v2\/types\/post"}],"author":[{"embeddable":true,"href":"https:\/\/blogs.correiobraziliense.com.br\/servidor\/wp-json\/wp\/v2\/users\/27"}],"replies":[{"embeddable":true,"href":"https:\/\/blogs.correiobraziliense.com.br\/servidor\/wp-json\/wp\/v2\/comments?post=13844"}],"version-history":[{"count":3,"href":"https:\/\/blogs.correiobraziliense.com.br\/servidor\/wp-json\/wp\/v2\/posts\/13844\/revisions"}],"predecessor-version":[{"id":13847,"href":"https:\/\/blogs.correiobraziliense.com.br\/servidor\/wp-json\/wp\/v2\/posts\/13844\/revisions\/13847"}],"wp:attachment":[{"href":"https:\/\/blogs.correiobraziliense.com.br\/servidor\/wp-json\/wp\/v2\/media?parent=13844"}],"wp:term":[{"taxonomy":"category","embeddable":true,"href":"https:\/\/blogs.correiobraziliense.com.br\/servidor\/wp-json\/wp\/v2\/categories?post=13844"},{"taxonomy":"post_tag","embeddable":true,"href":"https:\/\/blogs.correiobraziliense.com.br\/servidor\/wp-json\/wp\/v2\/tags?post=13844"}],"curies":[{"name":"wp","href":"https:\/\/api.w.org\/{rel}","templated":true}]}}