{"id":13842,"date":"2019-09-18T11:09:55","date_gmt":"2019-09-18T14:09:55","guid":{"rendered":"https:\/\/blogs.correiobraziliense.com.br\/servidor\/?p=13842"},"modified":"2019-09-18T11:09:55","modified_gmt":"2019-09-18T14:09:55","slug":"mandado-de-seguranca-leva-previdencia-para-o-stf","status":"publish","type":"post","link":"https:\/\/blogs.correiobraziliense.com.br\/servidor\/mandado-de-seguranca-leva-previdencia-para-o-stf\/","title":{"rendered":"Mandado de Seguran\u00e7a leva Previd\u00eancia para o STF"},"content":{"rendered":"<p><em>Queda de bra\u00e7o entre C\u00e2mara e Senado ser\u00e1 decidida no STF<\/em><\/p>\n<p>Diante dos ind\u00edcios de inconstitucionalidade apontados por parlamentares, o deputado Professor Israel entrou ontem (17) com Mandado de Seguran\u00e7a no Supremo para corrigir o que ele considera como equ\u00edvocos na tramita\u00e7\u00e3o da PEC da Reforma da Previd\u00eancia. O objetivo, disse, \u00e9 impedir que o Congresso Nacional promulgue a Reforma sem que a C\u00e2mara se pronuncie sobre as modifica\u00e7\u00f5es feitas no texto e j\u00e1 aprovadas pela Comiss\u00e3o de Constitui\u00e7\u00e3o e Justi\u00e7a do Senado Federal.<\/p>\n<p>Mesmo com o t\u00e9rmino da \u00faltima sess\u00e3o de discuss\u00e3o no Senado Federal, o debate sobre a Reforma da Previd\u00eancia parece estar longe do fim. \u00danico parlamentar do DF na comiss\u00e3o especial da mat\u00e9ria na C\u00e2mara, Professor Israel (PV-DF) entrou com o mandado de seguran\u00e7a para impedir que o texto da PEC 6\/2019 seja promulgado pelo Congresso sem a revis\u00e3o dos deputados.<\/p>\n<p>O parlamentar aponta ind\u00edcios de inconstitucionalidade na tramita\u00e7\u00e3o sem o aval da C\u00e2mara. \u201cA Constitui\u00e7\u00e3o \u00e9 clara quanto ao assunto. O mesmo texto tem que ser aprovado nas duas Casas. Se mudar no Senado, tem que voltar para a C\u00e2mara\u201d, afirma Professor Israel.<\/p>\n<p><strong>O acordo<\/strong><\/p>\n<p>Para dar celeridade \u00e0s vota\u00e7\u00f5es, os senadores acordaram em apresentar apenas emendas supressivas ao texto aprovado pela C\u00e2mara. Segundo o autor do mandado de seguran\u00e7a, \u201cmesmo a retirada de pequenos fragmentos s\u00e3o capazes de alterar todo o sentido do texto\u201d.<\/p>\n<p>Como exemplo, Israel citou a emenda do relator Tasso Jereissati (PSDB-CE) com rela\u00e7\u00e3o \u00e0s al\u00edquotas extraordin\u00e1rias, j\u00e1 retirada pelo senador devido \u00e0 grande press\u00e3o pol\u00edtica. A proposta retirava o termo \u201cno \u00e2mbito da Uni\u00e3o\u201d, ampliando a cobran\u00e7a de al\u00edquotas extras para servidores por todos os entes federados, inclusive estados, DF e munic\u00edpios.<\/p>\n<p>O pedido de liminar do mandado de seguran\u00e7a preventivo deve ser julgado pelo Supremo nas pr\u00f3ximas 48 horas. Se aceito, o Senado ter\u00e1 15 dias \u00fateis (ap\u00f3s a intima\u00e7\u00e3o) para se manifestar contra a decis\u00e3o.<\/p>\n","protected":false},"excerpt":{"rendered":"<p>Queda de bra\u00e7o entre C\u00e2mara e Senado ser\u00e1 decidida no STF Diante dos ind\u00edcios de inconstitucionalidade apontados por parlamentares, o deputado Professor Israel entrou ontem (17) com Mandado de Seguran\u00e7a no Supremo para corrigir o que ele considera como equ\u00edvocos na tramita\u00e7\u00e3o da PEC da Reforma da Previd\u00eancia. O objetivo, disse, \u00e9 impedir que o Congresso Nacional promulgue a Reforma [&hellip;]<\/p>\n","protected":false},"author":27,"featured_media":0,"comment_status":"open","ping_status":"closed","sticky":false,"template":"","format":"standard","meta":{"footnotes":""},"categories":[2719],"tags":[16084,61,3383,2402,573,9816,3949,14771,15186,9727,2135,696,34,16083,16082,1498],"class_list":["post-13842","post","type-post","status-publish","format-standard","hentry","category-servidor","tag-aliquotas-extraordinarias","tag-camara","tag-deputado-federal","tag-emendas","tag-inconstitucionalidade","tag-mandado-de-seguranca","tag-modificacoes","tag-pec-06-2019","tag-professor-israel","tag-reforma-da-previdencia","tag-revisao","tag-senado","tag-stf","tag-supressivas","tag-suspressao","tag-votacao"],"_links":{"self":[{"href":"https:\/\/blogs.correiobraziliense.com.br\/servidor\/wp-json\/wp\/v2\/posts\/13842","targetHints":{"allow":["GET"]}}],"collection":[{"href":"https:\/\/blogs.correiobraziliense.com.br\/servidor\/wp-json\/wp\/v2\/posts"}],"about":[{"href":"https:\/\/blogs.correiobraziliense.com.br\/servidor\/wp-json\/wp\/v2\/types\/post"}],"author":[{"embeddable":true,"href":"https:\/\/blogs.correiobraziliense.com.br\/servidor\/wp-json\/wp\/v2\/users\/27"}],"replies":[{"embeddable":true,"href":"https:\/\/blogs.correiobraziliense.com.br\/servidor\/wp-json\/wp\/v2\/comments?post=13842"}],"version-history":[{"count":1,"href":"https:\/\/blogs.correiobraziliense.com.br\/servidor\/wp-json\/wp\/v2\/posts\/13842\/revisions"}],"predecessor-version":[{"id":13843,"href":"https:\/\/blogs.correiobraziliense.com.br\/servidor\/wp-json\/wp\/v2\/posts\/13842\/revisions\/13843"}],"wp:attachment":[{"href":"https:\/\/blogs.correiobraziliense.com.br\/servidor\/wp-json\/wp\/v2\/media?parent=13842"}],"wp:term":[{"taxonomy":"category","embeddable":true,"href":"https:\/\/blogs.correiobraziliense.com.br\/servidor\/wp-json\/wp\/v2\/categories?post=13842"},{"taxonomy":"post_tag","embeddable":true,"href":"https:\/\/blogs.correiobraziliense.com.br\/servidor\/wp-json\/wp\/v2\/tags?post=13842"}],"curies":[{"name":"wp","href":"https:\/\/api.w.org\/{rel}","templated":true}]}}