{"id":13834,"date":"2019-09-16T19:34:19","date_gmt":"2019-09-16T22:34:19","guid":{"rendered":"https:\/\/blogs.correiobraziliense.com.br\/servidor\/?p=13834"},"modified":"2019-09-16T19:34:19","modified_gmt":"2019-09-16T22:34:19","slug":"tcu-irregularidades-em-obras-de-saneamento-educacao-e-saude-no-nordeste","status":"publish","type":"post","link":"https:\/\/blogs.correiobraziliense.com.br\/servidor\/tcu-irregularidades-em-obras-de-saneamento-educacao-e-saude-no-nordeste\/","title":{"rendered":"TCU &#8211; Irregularidades em obras de saneamento, educa\u00e7\u00e3o e sa\u00fade no Nordeste"},"content":{"rendered":"<p><em>Foi comprovado que 86,2% das obras est\u00e3o paradas; 36,84% t\u00eam ind\u00edcios de contrata\u00e7\u00e3o e pagamento de empresa de fachada; e 18,8% apresentam movimenta\u00e7\u00e3o financeira indevida<\/em><\/p>\n<p>O plen\u00e1rio do Tribunal de Contas da Uni\u00e3o (TCU) aprovou relat\u00f3rio consolidado de obras paralisadas das \u00e1reas de sa\u00fade, educa\u00e7\u00e3o e saneamento na Regi\u00e3o Nordeste. O volume fiscalizado corresponde a cerca de R$ 45 milh\u00f5es, valor total previsto em 31 transfer\u00eancias volunt\u00e1rias analisadas.<\/p>\n<p>Do universo auditado, comprovou-se que 86,2% das obras est\u00e3o paradas; 36,84% possuem ind\u00edcios de contrata\u00e7\u00e3o e pagamento de empresa de fachada; e 18,8% apresentam movimenta\u00e7\u00e3o financeira indevida.<\/p>\n<p>Os principais motivos das paralisa\u00e7\u00f5es s\u00e3o: defici\u00eancia de fiscaliza\u00e7\u00e3o pelas prefeituras e entidades concedentes; empresas de fachada; omiss\u00e3o dos gestores p\u00fablicos em rela\u00e7\u00e3o \u00e0 ado\u00e7\u00e3o de medidas punitivas a empresas que abandonaram a execu\u00e7\u00e3o das obras; falhas e irregularidades diversas nas licita\u00e7\u00f5es.<\/p>\n<p>O TCU recomendou ao Minist\u00e9rio da Economia a inclus\u00e3o na Plataforma +Brasil de orienta\u00e7\u00f5es relacionadas a obras e servi\u00e7os de engenharia executadas com recursos federais.<\/p>\n<p>Processo: 032.010\/2017-6<br \/>\nAc\u00f3rd\u00e3o: 2180\/2019<br \/>\nRelator: ministro Bruno Dantas<\/p>\n","protected":false},"excerpt":{"rendered":"<p>Foi comprovado que 86,2% das obras est\u00e3o paradas; 36,84% t\u00eam ind\u00edcios de contrata\u00e7\u00e3o e pagamento de empresa de fachada; e 18,8% apresentam movimenta\u00e7\u00e3o financeira indevida O plen\u00e1rio do Tribunal de Contas da Uni\u00e3o (TCU) aprovou relat\u00f3rio consolidado de obras paralisadas das \u00e1reas de sa\u00fade, educa\u00e7\u00e3o e saneamento na Regi\u00e3o Nordeste. O volume fiscalizado corresponde a cerca de R$ 45 milh\u00f5es, [&hellip;]<\/p>\n","protected":false},"author":27,"featured_media":0,"comment_status":"open","ping_status":"closed","sticky":false,"template":"","format":"standard","meta":{"footnotes":""},"categories":[2719],"tags":[48,16076,940,16077,353,4752,2686,5007,151,7060,4031,3516,616,635],"class_list":["post-13834","post","type-post","status-publish","format-standard","hentry","category-servidor","tag-educacao","tag-empresa-de-fachada","tag-fiscalizacao","tag-gestores-publicos","tag-irregularidades","tag-nordeste","tag-obras","tag-omissao","tag-pagamento","tag-paradas","tag-relatorio","tag-saneamento","tag-saude","tag-tcu"],"_links":{"self":[{"href":"https:\/\/blogs.correiobraziliense.com.br\/servidor\/wp-json\/wp\/v2\/posts\/13834","targetHints":{"allow":["GET"]}}],"collection":[{"href":"https:\/\/blogs.correiobraziliense.com.br\/servidor\/wp-json\/wp\/v2\/posts"}],"about":[{"href":"https:\/\/blogs.correiobraziliense.com.br\/servidor\/wp-json\/wp\/v2\/types\/post"}],"author":[{"embeddable":true,"href":"https:\/\/blogs.correiobraziliense.com.br\/servidor\/wp-json\/wp\/v2\/users\/27"}],"replies":[{"embeddable":true,"href":"https:\/\/blogs.correiobraziliense.com.br\/servidor\/wp-json\/wp\/v2\/comments?post=13834"}],"version-history":[{"count":1,"href":"https:\/\/blogs.correiobraziliense.com.br\/servidor\/wp-json\/wp\/v2\/posts\/13834\/revisions"}],"predecessor-version":[{"id":13835,"href":"https:\/\/blogs.correiobraziliense.com.br\/servidor\/wp-json\/wp\/v2\/posts\/13834\/revisions\/13835"}],"wp:attachment":[{"href":"https:\/\/blogs.correiobraziliense.com.br\/servidor\/wp-json\/wp\/v2\/media?parent=13834"}],"wp:term":[{"taxonomy":"category","embeddable":true,"href":"https:\/\/blogs.correiobraziliense.com.br\/servidor\/wp-json\/wp\/v2\/categories?post=13834"},{"taxonomy":"post_tag","embeddable":true,"href":"https:\/\/blogs.correiobraziliense.com.br\/servidor\/wp-json\/wp\/v2\/tags?post=13834"}],"curies":[{"name":"wp","href":"https:\/\/api.w.org\/{rel}","templated":true}]}}