{"id":13821,"date":"2019-09-13T21:51:56","date_gmt":"2019-09-14T00:51:56","guid":{"rendered":"https:\/\/blogs.correiobraziliense.com.br\/servidor\/?p=13821"},"modified":"2019-09-13T21:51:56","modified_gmt":"2019-09-14T00:51:56","slug":"petrobras-tst-deve-apresentar-proposta-de-acordo-ate-semana-que-vem","status":"publish","type":"post","link":"https:\/\/blogs.correiobraziliense.com.br\/servidor\/petrobras-tst-deve-apresentar-proposta-de-acordo-ate-semana-que-vem\/","title":{"rendered":"Petrobras: TST deve apresentar proposta de acordo at\u00e9 semana que vem"},"content":{"rendered":"<p><em>O vice-presidente do Tribunal Superior do Trabalho, ministro Renato de Lacerda Paiva, dever\u00e1 apresentar at\u00e9 a pr\u00f3xima quinta-feira (19) proposta de acordo entre a Petr\u00f3leo Brasileiro S. A. (Petrobras) e a Federa\u00e7\u00e3o \u00danica dos Petroleiros (FUP) e diversos sindicatos representantes da categoria. O ministro conduz media\u00e7\u00e3o pr\u00e9-processual para a solu\u00e7\u00e3o consensual da data-base dos petroleiros (1\u00ba\/9)<\/em><\/p>\n<p>Em 26 de agosto, a Petrobras pediu a atua\u00e7\u00e3o do vice-presidente do TST na media\u00e7\u00e3o das negocia\u00e7\u00f5es com os empregados. Desde ent\u00e3o, a vice-presid\u00eancia, informa o \u00f3rg\u00e3o, fez reuni\u00f5es unilaterais e bilaterais de trabalho e de negocia\u00e7\u00e3o, para iniciar e fomentar o di\u00e1logo, tendo em vista sobretudo a proximidade da perda de vig\u00eancia do instrumento coletivo.<\/p>\n<p>Em reuni\u00e3o com as duas partes em 29 de agosto, foi acertada a manuten\u00e7\u00e3o do acordo at\u00e9 30 de setembro, condi\u00e7\u00e3o considerada essencial pelo ministro para o desenvolvimento tranquilo das negocia\u00e7\u00f5es. Em 10 de setembro o ministro manifestou a inten\u00e7\u00e3o de apresentar a proposta at\u00e9 o dia19 desse m\u00eas.<\/p>\n<p><strong>Cronograma<\/strong><\/p>\n<p>Com a designa\u00e7\u00e3o de nova reuni\u00e3o unilateral com os sindicatos para a mesma data, a Petrobras pediu a antecipa\u00e7\u00e3o desse encontro, por entender que ele poderia atrasar o cronograma de media\u00e7\u00e3o, previsto inicialmente para se encerrar em 27 de setembro. A empresa reiterou ainda que n\u00e3o considera a hip\u00f3tese de nova prorroga\u00e7\u00e3o do acordo al\u00e9m dos 30 dias j\u00e1 concedidos.<\/p>\n<p>Ao indeferir o pedido, o ministro registrou que tem consci\u00eancia da inten\u00e7\u00e3o da empresa de n\u00e3o prorrogar novamente o acordo e observou que a prorroga\u00e7\u00e3o em setembro, solicitada por ele, foi uma concess\u00e3o importante para o in\u00edcio e para o desenvolvimento do procedimento de media\u00e7\u00e3o.<\/p>\n<p>Segundo o ministro, a vice-presid\u00eancia tem consci\u00eancia de que a aus\u00eancia de solu\u00e7\u00e3o ainda neste m\u00eas pode levar ao encerramento do procedimento de forma frustrada. Por outro lado, lembrou a necessidade de observ\u00e2ncia de prazo para avalia\u00e7\u00e3o e realiza\u00e7\u00e3o de assembleias voltadas \u00e0 aprecia\u00e7\u00e3o da proposta. \u201cEntendo fundamental que eventual proposta para tentar alcan\u00e7ar o consenso seja apresentada at\u00e9 o dia 19\/9\u201d, afirmou.<\/p>\n<p>Na avalia\u00e7\u00e3o do vice-presidente, a reuni\u00e3o unilateral com os representantes dos sindicatos na mesma data n\u00e3o impede a apresenta\u00e7\u00e3o da proposta, que pode contemplar as preocupa\u00e7\u00f5es e as sugest\u00f5es que possam ser apresentadas na ocasi\u00e3o. Ele explicou ainda que, conforme a sua metodologia de trabalho, a interlocu\u00e7\u00e3o com as partes \u00e9 mantida de forma permanente, independentementede reuni\u00f5es de trabalho.<\/p>\n<p>Processo: PMPP-1000620-09.2019.5.00.0000<\/p>\n","protected":false},"excerpt":{"rendered":"<p>O vice-presidente do Tribunal Superior do Trabalho, ministro Renato de Lacerda Paiva, dever\u00e1 apresentar at\u00e9 a pr\u00f3xima quinta-feira (19) proposta de acordo entre a Petr\u00f3leo Brasileiro S. A. (Petrobras) e a Federa\u00e7\u00e3o \u00danica dos Petroleiros (FUP) e diversos sindicatos representantes da categoria. O ministro conduz media\u00e7\u00e3o pr\u00e9-processual para a solu\u00e7\u00e3o consensual da data-base dos petroleiros (1\u00ba\/9) Em 26 de agosto, [&hellip;]<\/p>\n","protected":false},"author":27,"featured_media":0,"comment_status":"open","ping_status":"closed","sticky":false,"template":"","format":"standard","meta":{"footnotes":""},"categories":[2719],"tags":[112,379,891,2986,1341,1000,3280,894,201,54,293,503,9780],"class_list":["post-13821","post","type-post","status-publish","format-standard","hentry","category-servidor","tag-acordo","tag-categoria","tag-empregados","tag-empresa","tag-funcionarios","tag-fup","tag-mediacao","tag-negociacoes","tag-petrobras","tag-proposta","tag-reuniao","tag-tst","tag-vigencia"],"_links":{"self":[{"href":"https:\/\/blogs.correiobraziliense.com.br\/servidor\/wp-json\/wp\/v2\/posts\/13821","targetHints":{"allow":["GET"]}}],"collection":[{"href":"https:\/\/blogs.correiobraziliense.com.br\/servidor\/wp-json\/wp\/v2\/posts"}],"about":[{"href":"https:\/\/blogs.correiobraziliense.com.br\/servidor\/wp-json\/wp\/v2\/types\/post"}],"author":[{"embeddable":true,"href":"https:\/\/blogs.correiobraziliense.com.br\/servidor\/wp-json\/wp\/v2\/users\/27"}],"replies":[{"embeddable":true,"href":"https:\/\/blogs.correiobraziliense.com.br\/servidor\/wp-json\/wp\/v2\/comments?post=13821"}],"version-history":[{"count":1,"href":"https:\/\/blogs.correiobraziliense.com.br\/servidor\/wp-json\/wp\/v2\/posts\/13821\/revisions"}],"predecessor-version":[{"id":13822,"href":"https:\/\/blogs.correiobraziliense.com.br\/servidor\/wp-json\/wp\/v2\/posts\/13821\/revisions\/13822"}],"wp:attachment":[{"href":"https:\/\/blogs.correiobraziliense.com.br\/servidor\/wp-json\/wp\/v2\/media?parent=13821"}],"wp:term":[{"taxonomy":"category","embeddable":true,"href":"https:\/\/blogs.correiobraziliense.com.br\/servidor\/wp-json\/wp\/v2\/categories?post=13821"},{"taxonomy":"post_tag","embeddable":true,"href":"https:\/\/blogs.correiobraziliense.com.br\/servidor\/wp-json\/wp\/v2\/tags?post=13821"}],"curies":[{"name":"wp","href":"https:\/\/api.w.org\/{rel}","templated":true}]}}