{"id":13810,"date":"2019-09-13T14:08:25","date_gmt":"2019-09-13T17:08:25","guid":{"rendered":"https:\/\/blogs.correiobraziliense.com.br\/servidor\/?p=13810"},"modified":"2019-09-13T14:16:03","modified_gmt":"2019-09-13T17:16:03","slug":"bate-papo-com-o-presidente-da-cspb-a-partir-das-14h30","status":"publish","type":"post","link":"https:\/\/blogs.correiobraziliense.com.br\/servidor\/bate-papo-com-o-presidente-da-cspb-a-partir-das-14h30\/","title":{"rendered":"Bate-papo com o presidente da CSPB, a partir das 14h30"},"content":{"rendered":"<p>Assista e participe da conversa com Jo\u00e3o Domingos, presidente da Confedera\u00e7\u00e3o do Servidores P\u00fablicos do Brasi, ao vivo, pelo <a href=\"https:\/\/www.facebook.com\/correiobraziliense\/\">Facebook do Correio Braziliense<\/a>. Ele vai explicar como a extin\u00e7\u00e3o da contribui\u00e7\u00e3o sindical obrigat\u00f3ria prejudicou as entidades representativas de trabalhadores no pa\u00eds. Com a crise de financiamento, at\u00e9 os empregados da CSPB ficaram sem sal\u00e1rio. H\u00e1 muitas queixas que ele vai esclarecer nesse bate-papo. Al\u00e9m de s\u00e9rias acusa\u00e7\u00f5es contra a gest\u00e3o da CSP, inclusive de enriquecimento pessoal do dirigente. Domingos nega as acusa\u00e7\u00f5es, afirma que seu patrim\u00f4nio \u00e9 o mesmo h\u00e1 20 anos e diz que tem como provar tudo isso.<\/p>\n","protected":false},"excerpt":{"rendered":"<p>Assista e participe da conversa com Jo\u00e3o Domingos, presidente da Confedera\u00e7\u00e3o do Servidores P\u00fablicos do Brasi, ao vivo, pelo Facebook do Correio Braziliense. Ele vai explicar como a extin\u00e7\u00e3o da contribui\u00e7\u00e3o sindical obrigat\u00f3ria prejudicou as entidades representativas de trabalhadores no pa\u00eds. Com a crise de financiamento, at\u00e9 os empregados da CSPB ficaram sem sal\u00e1rio. H\u00e1 muitas queixas que ele vai [&hellip;]<\/p>\n","protected":false},"author":27,"featured_media":0,"comment_status":"open","ping_status":"closed","sticky":false,"template":"","format":"standard","meta":{"footnotes":""},"categories":[2719],"tags":[7963,8513,16058,10063,891,3362,16057],"class_list":["post-13810","post","type-post","status-publish","format-standard","hentry","category-servidor","tag-acusacoes","tag-bate-papo","tag-contribuicao-sindical-obrigatoria","tag-cspb","tag-empregados","tag-financiamento","tag-joao-domingos"],"_links":{"self":[{"href":"https:\/\/blogs.correiobraziliense.com.br\/servidor\/wp-json\/wp\/v2\/posts\/13810","targetHints":{"allow":["GET"]}}],"collection":[{"href":"https:\/\/blogs.correiobraziliense.com.br\/servidor\/wp-json\/wp\/v2\/posts"}],"about":[{"href":"https:\/\/blogs.correiobraziliense.com.br\/servidor\/wp-json\/wp\/v2\/types\/post"}],"author":[{"embeddable":true,"href":"https:\/\/blogs.correiobraziliense.com.br\/servidor\/wp-json\/wp\/v2\/users\/27"}],"replies":[{"embeddable":true,"href":"https:\/\/blogs.correiobraziliense.com.br\/servidor\/wp-json\/wp\/v2\/comments?post=13810"}],"version-history":[{"count":3,"href":"https:\/\/blogs.correiobraziliense.com.br\/servidor\/wp-json\/wp\/v2\/posts\/13810\/revisions"}],"predecessor-version":[{"id":13813,"href":"https:\/\/blogs.correiobraziliense.com.br\/servidor\/wp-json\/wp\/v2\/posts\/13810\/revisions\/13813"}],"wp:attachment":[{"href":"https:\/\/blogs.correiobraziliense.com.br\/servidor\/wp-json\/wp\/v2\/media?parent=13810"}],"wp:term":[{"taxonomy":"category","embeddable":true,"href":"https:\/\/blogs.correiobraziliense.com.br\/servidor\/wp-json\/wp\/v2\/categories?post=13810"},{"taxonomy":"post_tag","embeddable":true,"href":"https:\/\/blogs.correiobraziliense.com.br\/servidor\/wp-json\/wp\/v2\/tags?post=13810"}],"curies":[{"name":"wp","href":"https:\/\/api.w.org\/{rel}","templated":true}]}}