{"id":1381,"date":"2016-03-24T19:21:33","date_gmt":"2016-03-24T22:21:33","guid":{"rendered":"https:\/\/blogs.correiobraziliense.com.br\/servidor\/?p=1381"},"modified":"2016-03-24T19:21:33","modified_gmt":"2016-03-24T22:21:33","slug":"greve-dos-auditores-fiscais-do-trabalho-chega-ao-fim","status":"publish","type":"post","link":"https:\/\/blogs.correiobraziliense.com.br\/servidor\/greve-dos-auditores-fiscais-do-trabalho-chega-ao-fim\/","title":{"rendered":"GREVE DOS AUDITORES FISCAIS DO TRABALHO CHEGA AO FIM"},"content":{"rendered":"<p><em>Auditores voltam ao trabalho na segunda-feira (28)<\/em><\/p>\n<p>O Sindicato Nacional da categoria (Sinait) informou que a classe decidiu encerrar a greve nesta quinta-feira, 24, ap\u00f3s assinatura de acordo com o governo federal. O documento sobre a pauta remunerat\u00f3ria prev\u00ea reajuste no vencimento e um b\u00f4nus de efici\u00eancia com base em metas da inspe\u00e7\u00e3o do Minist\u00e9rio do Trabalho e Previd\u00eancia Social.<\/p>\n<p>&nbsp;<\/p>\n<p>O fim da greve foi aprovado na quarta-feira, 23, em assembleia presencial da categoria em todo o pa\u00eds e foi comunicada oficialmente aos minist\u00e9rios do Trabalho e Previd\u00eancia Social e Planejamento. Com a decis\u00e3o, os auditores voltam ao trabalho na segunda-feira, 28.<\/p>\n<p>&nbsp;<\/p>\n<p>A atua\u00e7\u00e3o dos auditores fiscais do Trabalho promove a formaliza\u00e7\u00e3o de v\u00ednculos de emprego, contribui para a preven\u00e7\u00e3o de acidentes e doen\u00e7as do trabalho, combate o trabalho infantil e o trabalho escravo e aumenta a arrecada\u00e7\u00e3o do Fundo de Garantia do Tempo de Servi\u00e7o \u2013 FGTS.<\/p>\n<p><strong>\u00a0<\/strong><\/p>\n","protected":false},"excerpt":{"rendered":"<p>Auditores voltam ao trabalho na segunda-feira (28) O Sindicato Nacional da categoria (Sinait) informou que a classe decidiu encerrar a greve nesta quinta-feira, 24, ap\u00f3s assinatura de acordo com o governo federal. O documento sobre a pauta remunerat\u00f3ria prev\u00ea reajuste no vencimento e um b\u00f4nus de efici\u00eancia com base em metas da inspe\u00e7\u00e3o do Minist\u00e9rio do Trabalho e Previd\u00eancia Social. [&hellip;]<\/p>\n","protected":false},"author":27,"featured_media":0,"comment_status":"open","ping_status":"closed","sticky":false,"template":"","format":"standard","meta":{"footnotes":""},"categories":[1],"tags":[112,1521,648,1468,105,1522,15,63,1520,261,505],"class_list":["post-1381","post","type-post","status-publish","format-standard","hentry","category-sem-categoria","tag-acordo","tag-assinatura","tag-auditores-fiscais","tag-bonus-de-eficiencia","tag-fim","tag-governo-federal","tag-greve","tag-reajuste","tag-segunda-feira","tag-trabalho","tag-voltam"],"_links":{"self":[{"href":"https:\/\/blogs.correiobraziliense.com.br\/servidor\/wp-json\/wp\/v2\/posts\/1381","targetHints":{"allow":["GET"]}}],"collection":[{"href":"https:\/\/blogs.correiobraziliense.com.br\/servidor\/wp-json\/wp\/v2\/posts"}],"about":[{"href":"https:\/\/blogs.correiobraziliense.com.br\/servidor\/wp-json\/wp\/v2\/types\/post"}],"author":[{"embeddable":true,"href":"https:\/\/blogs.correiobraziliense.com.br\/servidor\/wp-json\/wp\/v2\/users\/27"}],"replies":[{"embeddable":true,"href":"https:\/\/blogs.correiobraziliense.com.br\/servidor\/wp-json\/wp\/v2\/comments?post=1381"}],"version-history":[{"count":1,"href":"https:\/\/blogs.correiobraziliense.com.br\/servidor\/wp-json\/wp\/v2\/posts\/1381\/revisions"}],"predecessor-version":[{"id":1382,"href":"https:\/\/blogs.correiobraziliense.com.br\/servidor\/wp-json\/wp\/v2\/posts\/1381\/revisions\/1382"}],"wp:attachment":[{"href":"https:\/\/blogs.correiobraziliense.com.br\/servidor\/wp-json\/wp\/v2\/media?parent=1381"}],"wp:term":[{"taxonomy":"category","embeddable":true,"href":"https:\/\/blogs.correiobraziliense.com.br\/servidor\/wp-json\/wp\/v2\/categories?post=1381"},{"taxonomy":"post_tag","embeddable":true,"href":"https:\/\/blogs.correiobraziliense.com.br\/servidor\/wp-json\/wp\/v2\/tags?post=1381"}],"curies":[{"name":"wp","href":"https:\/\/api.w.org\/{rel}","templated":true}]}}