{"id":13803,"date":"2019-09-12T20:02:56","date_gmt":"2019-09-12T23:02:56","guid":{"rendered":"https:\/\/blogs.correiobraziliense.com.br\/servidor\/?p=13803"},"modified":"2019-09-12T20:02:56","modified_gmt":"2019-09-12T23:02:56","slug":"a-greve-dos-correios-e-o-resgate-do-brasil-enquanto-nacao","status":"publish","type":"post","link":"https:\/\/blogs.correiobraziliense.com.br\/servidor\/a-greve-dos-correios-e-o-resgate-do-brasil-enquanto-nacao\/","title":{"rendered":"A greve dos Correios e o resgate do Brasil enquanto na\u00e7\u00e3o"},"content":{"rendered":"<p><em>&#8220;Nos \u00faltimos dois anos, os Correios registraram lucro de R$ 828 milh\u00f5es (R$ 667 milh\u00f5es em 2017 e R$ 161 milh\u00f5es em 2018). A cifra, interessant\u00edssima ao mercado financeiro, ainda deslegitima o discurso do governo federal, quando fala que o Estado precisa se livrar das empresas com caixa negativo. Ali\u00e1s, partindo de um racioc\u00ednio l\u00f3gico, qual fundamento teria uma empresa privada comprar algo que n\u00e3o gere lucro?&#8221;<\/em><\/p>\n<p><strong><em>Rodrigo Rodrigues*<\/em><\/strong><\/p>\n<p>Em evento na capital cearense no \u00faltimo m\u00eas de agosto, o ministro da Economia, Paulo Guedes, na tentativa de ganhar o apoio popular para privatizar os Correios, disse que \u201cningu\u00e9m hoje escreve carta\u201d. A fala, que sequer pode ser chamada de argumento, est\u00e1 totalmente desnuda de racionalidade econ\u00f4mica e tenta esconder, de maneira inconsistente, as verdadeiras motiva\u00e7\u00f5es ideol\u00f3gicas que d\u00e3o corpo ao processo de privatiza\u00e7\u00e3o da Empresa Brasileira de Correios e Tel\u00e9grafos.<\/p>\n<p>Nos \u00faltimos dois anos, os Correios registraram lucro de R$ 828 milh\u00f5es (R$ 667 milh\u00f5es em 2017 e R$ 161 milh\u00f5es em 2018). A cifra, interessant\u00edssima ao mercado financeiro, ainda deslegitima o discurso do governo federal, quando fala que o Estado precisa se livrar das empresas com caixa negativo. Ali\u00e1s, partindo de um racioc\u00ednio l\u00f3gico, qual fundamento teria uma empresa privada comprar algo que n\u00e3o gere lucro?<\/p>\n<p>Para al\u00e9m da rentabilidade inerente, os Correios, em seus mais de tr\u00eas s\u00e9culos e meio de exist\u00eancia, se mostram determinantes na integra\u00e7\u00e3o nacional por meio do servi\u00e7o postal e no acesso \u00e0 cidadania. A mais antiga empresa estatal do Brasil atende os mais de 5.500 munic\u00edpios brasileiros, e em muitos deles \u00e9 a \u00fanica institui\u00e7\u00e3o p\u00fablica, viabilizando direitos civis b\u00e1sicos, como a emiss\u00e3o de documentos pessoais.<\/p>\n<p>Muito al\u00e9m de distribuir cartas, os Correios est\u00e3o diretamente vinculados ao exerc\u00edcio de direitos constitucionais. \u00c9 a empresa que faz a log\u00edstica das elei\u00e7\u00f5es, garantindo o direito universal ao voto. S\u00e3o tamb\u00e9m os Correios respons\u00e1veis pela entrega de livros, uniforme escolar, merenda e kits escolares.<\/p>\n<p>Segundo dados da pr\u00f3pria empresa, mais de 151,4 milh\u00f5es de livros did\u00e1ticos j\u00e1 foram entregues, atendendo 146 mil escolas. A distribui\u00e7\u00e3o de provas e realiza\u00e7\u00e3o de concursos tamb\u00e9m s\u00e3o atribui\u00e7\u00f5es dos Correios. Foi a empresa estatal que fez chegar as provas do Exame Nacional do Ensino M\u00e9dio (Enem) a 11.800 escolas, em 1.700 munic\u00edpios brasileiros.<\/p>\n<p>Os Correios tamb\u00e9m atuam no seguimento da sa\u00fade. S\u00f3 em Minas Gerais, a empresa viabilizou, em 2016 e 2017, o transporte de mais de 5 mil toneladas de medicamentos, equipamentos, insumos. Atrav\u00e9s da Opera\u00e7\u00e3o Sa\u00fade em Casa, os Correios entregaram 63 tipos de rem\u00e9dios a mais de 100 mil pacientes cadastrados em tratamento cont\u00ednuo, em S\u00e3o Paulo.<\/p>\n<p>Longe de serem desconhecidos pelo atual governo federal, esses dados s\u00e3o propositalmente ocultados nos discursos inflamados em defesa da privatiza\u00e7\u00e3o dos Correios. N\u00e3o se trata de falta de conhecimento sobre o papel estrat\u00e9gico da estatal na aplica\u00e7\u00e3o de pol\u00edticas sociais.<\/p>\n<p>Trata-se do abismo existente entre os interesses de Bolosonaro e sua equipe das necessidades do povo. Para um governo gerado no submundo da corrup\u00e7\u00e3o, que se mostra subserviente aos Estados Unidos, a soberania do Brasil \u00e9 algo sup\u00e9rfluo, bem como a condi\u00e7\u00e3o do nosso pa\u00eds decidir sobre o pr\u00f3prio destino.<\/p>\n<p>Por isso, ao deflagrarem greve no \u00faltimo dia 10 de setembro, os trabalhadores e as trabalhadoras dos Correios trouxeram para o debate p\u00fablico muito mais que os ataques aos direitos trabalhistas e o urgente pleito espec\u00edfico por melhores condi\u00e7\u00f5es de sal\u00e1rio e de vida \u2013 desmantelados com a reforma trabalhista.<\/p>\n<p>A categoria trouxe \u00e0 tona o resgate do Brasil enquanto na\u00e7\u00e3o. O movimento paredista \u00e9 o primeiro a insurgir-se de forma nacional contra o entreguismo de Bolsonaro, que se comporta como um pirata ao saquear o pa\u00eds atrav\u00e9s de um processo massivo de privatiza\u00e7\u00e3o em troca de enriquecimento pr\u00f3prio e poder.<\/p>\n<p>A greve dos trabalhadores e das trabalhadoras dos Correios \u00e9 o abre-alas de um movimento muito maior, unificado, plural e diverso, e deve ser entoado pela voz de toda classe trabalhadora. Lembremos que os ataques agora proferidos devem ser contra o opressor, n\u00e3o contra o oprimido que, imerso em um processo de desinforma\u00e7\u00e3o intenso e letal, chegou a fazer coro com o inimigo nas elei\u00e7\u00f5es presidenciais de 2018. A divis\u00e3o do lado de c\u00e1, d\u00e1 f\u00f4lego \u00e0 unidade do lado de l\u00e1.<\/p>\n<p>Rompamos com essa l\u00f3gica. \u00c9 hora de defender a soberania do Brasil.<\/p>\n<p><em>*Rodrigo Rodrigues<\/em> &#8211; professor da rede p\u00fablica de ensino do DF e secret\u00e1rio-geral da CUT Bras\u00edlia<\/p>\n","protected":false},"excerpt":{"rendered":"<p>&#8220;Nos \u00faltimos dois anos, os Correios registraram lucro de R$ 828 milh\u00f5es (R$ 667 milh\u00f5es em 2017 e R$ 161 milh\u00f5es em 2018). A cifra, interessant\u00edssima ao mercado financeiro, ainda deslegitima o discurso do governo federal, quando fala que o Estado precisa se livrar das empresas com caixa negativo. Ali\u00e1s, partindo de um racioc\u00ednio l\u00f3gico, qual fundamento teria uma empresa [&hellip;]<\/p>\n","protected":false},"author":27,"featured_media":0,"comment_status":"open","ping_status":"closed","sticky":false,"template":"","format":"standard","meta":{"footnotes":""},"categories":[2719],"tags":[164,20,2021,4159,5092,4018,15,9090,4204,16053,4642,2447,10668,8417,1019,962,728,9253,6458,643,616,16052,19,3714,16046,7117],"class_list":["post-13803","post","type-post","status-publish","format-standard","hentry","category-servidor","tag-brasil","tag-correios","tag-eleicoes","tag-enem","tag-equipamentos","tag-escolar","tag-greve","tag-insumos","tag-livros","tag-livros-didaticos","tag-lucro","tag-medicamentos","tag-mercado-financeiro","tag-merenda","tag-prejuizo","tag-privado","tag-provas","tag-reforma-trabalhista","tag-resgate","tag-salario","tag-saude","tag-servico-postal","tag-trabalhadores","tag-transporte","tag-uniformes","tag-voto"],"_links":{"self":[{"href":"https:\/\/blogs.correiobraziliense.com.br\/servidor\/wp-json\/wp\/v2\/posts\/13803","targetHints":{"allow":["GET"]}}],"collection":[{"href":"https:\/\/blogs.correiobraziliense.com.br\/servidor\/wp-json\/wp\/v2\/posts"}],"about":[{"href":"https:\/\/blogs.correiobraziliense.com.br\/servidor\/wp-json\/wp\/v2\/types\/post"}],"author":[{"embeddable":true,"href":"https:\/\/blogs.correiobraziliense.com.br\/servidor\/wp-json\/wp\/v2\/users\/27"}],"replies":[{"embeddable":true,"href":"https:\/\/blogs.correiobraziliense.com.br\/servidor\/wp-json\/wp\/v2\/comments?post=13803"}],"version-history":[{"count":1,"href":"https:\/\/blogs.correiobraziliense.com.br\/servidor\/wp-json\/wp\/v2\/posts\/13803\/revisions"}],"predecessor-version":[{"id":13804,"href":"https:\/\/blogs.correiobraziliense.com.br\/servidor\/wp-json\/wp\/v2\/posts\/13803\/revisions\/13804"}],"wp:attachment":[{"href":"https:\/\/blogs.correiobraziliense.com.br\/servidor\/wp-json\/wp\/v2\/media?parent=13803"}],"wp:term":[{"taxonomy":"category","embeddable":true,"href":"https:\/\/blogs.correiobraziliense.com.br\/servidor\/wp-json\/wp\/v2\/categories?post=13803"},{"taxonomy":"post_tag","embeddable":true,"href":"https:\/\/blogs.correiobraziliense.com.br\/servidor\/wp-json\/wp\/v2\/tags?post=13803"}],"curies":[{"name":"wp","href":"https:\/\/api.w.org\/{rel}","templated":true}]}}