{"id":13793,"date":"2019-09-07T19:22:30","date_gmt":"2019-09-07T22:22:30","guid":{"rendered":"https:\/\/blogs.correiobraziliense.com.br\/servidor\/?p=13793"},"modified":"2019-09-07T19:22:30","modified_gmt":"2019-09-07T22:22:30","slug":"servidores-do-meio-ambiente-repudiam-acusacoes-sem-prova-do-ministro","status":"publish","type":"post","link":"https:\/\/blogs.correiobraziliense.com.br\/servidor\/servidores-do-meio-ambiente-repudiam-acusacoes-sem-prova-do-ministro\/","title":{"rendered":"Servidores do meio ambiente repudiam acusa\u00e7\u00f5es sem prova do ministro"},"content":{"rendered":"<p><em>A Associa\u00e7\u00e3o Nacional dos Servidores da Carreira de Especialista em Meio Ambiente (Ascema Nacional), em nota, alerta que &#8220;em vez de alardear suspeitas de irregularidades e tentar colocar a sociedade contra o corpo de servidores do ICMBio, os dirigentes poderiam se dar ao trabalho de conhecer como funciona a gest\u00e3o das unidades de conserva\u00e7\u00e3o sob sua responsabilidade, as dificuldades enfrentadas pelos servidores para proteger nosso patrim\u00f4nio ambiental&#8221;<\/em><\/p>\n<p>Veja a nota:<\/p>\n<p>&#8220;Ministro da destrui\u00e7\u00e3o do Meio Ambiente ataca novamente<\/p>\n<p>Utilizando o mesmo m\u00e9todo que amea\u00e7a o futuro do Fundo Amaz\u00f4nia, mais uma vez os dirigentes do Minist\u00e9rio do Meio Ambiente alardeiam supostas irregularidades para macular a gest\u00e3o e os servidores do ICMBio sem apresentar qualquer prova ou mesmo se basear em fatos verdadeiros.<\/p>\n<p>As atividades em \u00e1reas remotas por todo o pa\u00eds, utilizando estradas prec\u00e1rias para combater inc\u00eandios, fiscalizar desmatamento e garimpo ou visitar comunidades isoladas, causam bastante desgaste aos ve\u00edculos e tornam sua manuten\u00e7\u00e3o cara e dif\u00edcil.<\/p>\n<p>O ICMBio utiliza, desde 2008, contratos de abastecimentos e manuten\u00e7\u00e3o de ve\u00edculos com a utiliza\u00e7\u00e3o de cart\u00f5es e sistemas que permitem monitoramento tanto da frota, quanto dos abastecimentos e manuten\u00e7\u00e3o. O valor disponibilizado para cada Unidade de Conserva\u00e7\u00e3o \u00e9 dividido pelos ve\u00edculos dispon\u00edveis. Os seguidos cortes or\u00e7ament\u00e1rios inviabilizam a adequada manuten\u00e7\u00e3o da frota. Por este motivo, muitos ve\u00edculos ficam parados e o saldo de combust\u00edvel ou manuten\u00e7\u00e3o \u00e9 transferido para outro ve\u00edculo para que as atividades n\u00e3o sejam comprometidas.<\/p>\n<p>O Minist\u00e9rio Publico Federal acaba de emitir recomenda\u00e7\u00e3o para que o ministro do Meio Ambiente, Ricardo Salles, condenado por improbidade administrativa, \u201cse abstenha de dar declara\u00e7\u00f5es p\u00fablicas que, sem comprova\u00e7\u00e3o, causem deslegitima\u00e7\u00e3o do trabalho do corpo de servidores do Ibama e do ICMBio\u201d dentre outras 12 recomenda\u00e7\u00f5es. Em vez de alardear suspeitas de irregularidades e tentar colocar a sociedade contra o corpo de servidores do ICMBio, os dirigentes poderiam se dar ao trabalho de conhecer como funciona a gest\u00e3o das unidades de conserva\u00e7\u00e3o sob sua responsabilidade, as dificuldades enfrentadas pelos servidores para proteger nosso patrim\u00f4nio ambiental.<\/p>\n<p>A Associa\u00e7\u00e3o Nacional dos Servidores da Carreira de Especialista em Meio Ambiente, ASCEMA Nacional, refor\u00e7a sua manifesta\u00e7\u00e3o pela nomea\u00e7\u00e3o dirigentes com conhecimento e compet\u00eancia para gerenciar 10% do territ\u00f3rio continental e 24% do mar territorial do pa\u00eds.<\/p>\n<p>Bras\u00edlia, 7 de setembro de 2019&#8221;<\/p>\n","protected":false},"excerpt":{"rendered":"<p>A Associa\u00e7\u00e3o Nacional dos Servidores da Carreira de Especialista em Meio Ambiente (Ascema Nacional), em nota, alerta que &#8220;em vez de alardear suspeitas de irregularidades e tentar colocar a sociedade contra o corpo de servidores do ICMBio, os dirigentes poderiam se dar ao trabalho de conhecer como funciona a gest\u00e3o das unidades de conserva\u00e7\u00e3o sob sua responsabilidade, as dificuldades enfrentadas [&hellip;]<\/p>\n","protected":false},"author":27,"featured_media":0,"comment_status":"open","ping_status":"closed","sticky":false,"template":"","format":"standard","meta":{"footnotes":""},"categories":[2719],"tags":[7963,12381,7142,12378,2602,35,1454,1345,58],"class_list":["post-13793","post","type-post","status-publish","format-standard","hentry","category-servidor","tag-acusacoes","tag-ascema","tag-conservacao","tag-icmbio","tag-meio-ambiente","tag-ministro","tag-patrimonio","tag-responsabilidade","tag-servidores"],"_links":{"self":[{"href":"https:\/\/blogs.correiobraziliense.com.br\/servidor\/wp-json\/wp\/v2\/posts\/13793","targetHints":{"allow":["GET"]}}],"collection":[{"href":"https:\/\/blogs.correiobraziliense.com.br\/servidor\/wp-json\/wp\/v2\/posts"}],"about":[{"href":"https:\/\/blogs.correiobraziliense.com.br\/servidor\/wp-json\/wp\/v2\/types\/post"}],"author":[{"embeddable":true,"href":"https:\/\/blogs.correiobraziliense.com.br\/servidor\/wp-json\/wp\/v2\/users\/27"}],"replies":[{"embeddable":true,"href":"https:\/\/blogs.correiobraziliense.com.br\/servidor\/wp-json\/wp\/v2\/comments?post=13793"}],"version-history":[{"count":1,"href":"https:\/\/blogs.correiobraziliense.com.br\/servidor\/wp-json\/wp\/v2\/posts\/13793\/revisions"}],"predecessor-version":[{"id":13794,"href":"https:\/\/blogs.correiobraziliense.com.br\/servidor\/wp-json\/wp\/v2\/posts\/13793\/revisions\/13794"}],"wp:attachment":[{"href":"https:\/\/blogs.correiobraziliense.com.br\/servidor\/wp-json\/wp\/v2\/media?parent=13793"}],"wp:term":[{"taxonomy":"category","embeddable":true,"href":"https:\/\/blogs.correiobraziliense.com.br\/servidor\/wp-json\/wp\/v2\/categories?post=13793"},{"taxonomy":"post_tag","embeddable":true,"href":"https:\/\/blogs.correiobraziliense.com.br\/servidor\/wp-json\/wp\/v2\/tags?post=13793"}],"curies":[{"name":"wp","href":"https:\/\/api.w.org\/{rel}","templated":true}]}}